{"id":10158,"date":"2019-09-27T17:33:40","date_gmt":"2019-09-27T14:33:40","guid":{"rendered":"https:\/\/bepopi.com\/blog\/?p=10158"},"modified":"2023-05-04T13:46:45","modified_gmt":"2023-05-04T10:46:45","slug":"instagram-one-cikan-hikayelere-kapak-fotografi-ekleme-nasil-yapilir","status":"publish","type":"post","link":"https:\/\/www.bepopi.com\/blog\/instagram-one-cikan-hikayelere-kapak-fotografi-ekleme-nasil-yapilir","title":{"rendered":"Instagram \u00d6ne \u00c7\u0131kan Hikayelere Kapak Foto\u011fraf\u0131 Ekleme Nas\u0131l Yap\u0131l\u0131r?"},"content":{"rendered":"\n<p>Foto\u011fraf ve video payla\u015f\u0131m\u0131na izin veren, sponsorlu reklamlarla markalar\u0131n da en \u00e7ok sevdi\u011fi sosyal medya platformlar\u0131ndan olan Instagram her ge\u00e7en g\u00fcn yepyeni \u00f6zellikleriyle kar\u015f\u0131m\u0131za \u00e7\u0131k\u0131yor. D\u00fcnya \u00fczerindeki y\u00fcz binlerce insan g\u00fcnde en az 3 defa Instagram&#8217;a girerek di\u011fer insanlar\u0131n payla\u015ft\u0131klar\u0131 g\u00f6nderileri takip ediyorlar. Sadece \u00fclkemizde de\u011fil, t\u00fcm d\u00fcnyada olduk\u00e7a pop\u00fcler olan Instagram uygulamas\u0131 sayesinde birbirinden canl\u0131 hayatlara tan\u0131k oluyoruz. G\u00f6nderide payla\u015f\u0131lan foto\u011fraflar ar\u015fivleniyor ancak hikayede payla\u015f\u0131lan foto\u011fraflar 24 saat sonra siliniyor. Instagram, hikayede payla\u015f\u0131lan ancak sayfada kal\u0131nmas\u0131 istenen g\u00f6nderiler i\u00e7in hikayeleri \u00f6ne \u00e7\u0131karma \u00f6zelli\u011fi geli\u015ftirdi. <strong>Instagram \u00f6ne \u00e7\u0131kan hikayelere kapak foto\u011fraf\u0131 ekleme nas\u0131l yap\u0131l\u0131r?<\/strong> sorusu da bu \u00f6zellikle birlikte geldi. Hem ki\u015fisel kullan\u0131c\u0131lar hem de markalar sayfalar\u0131n\u0131n daha d\u00fczenli g\u00f6r\u00fcnmesi i\u00e7in \u00f6ne \u00e7\u0131kan foto\u011fraflar\u0131na kapak g\u00f6rseli ekliyorlar.<\/p>\n\n\n\n<div id=\"ez-toc-container\" class=\"ez-toc-v2_0_69_1 counter-hierarchy ez-toc-counter ez-toc-grey ez-toc-container-direction\">\n<p class=\"ez-toc-title\" style=\"cursor:inherit\">\u0130\u00e7indekiler<\/p>\n<label for=\"ez-toc-cssicon-toggle-item-69f3f04e7958e\" class=\"ez-toc-cssicon-toggle-label\"><span class=\"\"><span class=\"eztoc-hide\" style=\"display:none;\">Toggle<\/span><span class=\"ez-toc-icon-toggle-span\"><svg style=\"fill: #999;color:#999\" xmlns=\"http:\/\/www.w3.org\/2000\/svg\" class=\"list-377408\" width=\"20px\" height=\"20px\" viewBox=\"0 0 24 24\" fill=\"none\"><path d=\"M6 6H4v2h2V6zm14 0H8v2h12V6zM4 11h2v2H4v-2zm16 0H8v2h12v-2zM4 16h2v2H4v-2zm16 0H8v2h12v-2z\" fill=\"currentColor\"><\/path><\/svg><svg style=\"fill: #999;color:#999\" class=\"arrow-unsorted-368013\" xmlns=\"http:\/\/www.w3.org\/2000\/svg\" width=\"10px\" height=\"10px\" viewBox=\"0 0 24 24\" version=\"1.2\" baseProfile=\"tiny\"><path d=\"M18.2 9.3l-6.2-6.3-6.2 6.3c-.2.2-.3.4-.3.7s.1.5.3.7c.2.2.4.3.7.3h11c.3 0 .5-.1.7-.3.2-.2.3-.5.3-.7s-.1-.5-.3-.7zM5.8 14.7l6.2 6.3 6.2-6.3c.2-.2.3-.5.3-.7s-.1-.5-.3-.7c-.2-.2-.4-.3-.7-.3h-11c-.3 0-.5.1-.7.3-.2.2-.3.5-.3.7s.1.5.3.7z\"\/><\/svg><\/span><\/span><\/label><input type=\"checkbox\"  id=\"ez-toc-cssicon-toggle-item-69f3f04e7958e\"  aria-label=\"Toggle\" \/><nav><ul class='ez-toc-list ez-toc-list-level-1 ' ><li class='ez-toc-page-1 ez-toc-heading-level-2'><a class=\"ez-toc-link ez-toc-heading-1\" href=\"https:\/\/www.bepopi.com\/blog\/instagram-one-cikan-hikayelere-kapak-fotografi-ekleme-nasil-yapilir\/#Hikayenin_One_Cikarilmasi\" title=\"Hikayenin \u00d6ne \u00c7\u0131kar\u0131lmas\u0131\">Hikayenin \u00d6ne \u00c7\u0131kar\u0131lmas\u0131<\/a><\/li><li class='ez-toc-page-1 ez-toc-heading-level-2'><a class=\"ez-toc-link ez-toc-heading-2\" href=\"https:\/\/www.bepopi.com\/blog\/instagram-one-cikan-hikayelere-kapak-fotografi-ekleme-nasil-yapilir\/#Kapak_Fotografi_Olusturma\" title=\"Kapak Foto\u011fraf\u0131 Olu\u015fturma\">Kapak Foto\u011fraf\u0131 Olu\u015fturma<\/a><\/li><li class='ez-toc-page-1 ez-toc-heading-level-2'><a class=\"ez-toc-link ez-toc-heading-3\" href=\"https:\/\/www.bepopi.com\/blog\/instagram-one-cikan-hikayelere-kapak-fotografi-ekleme-nasil-yapilir\/#Ikonu_Arka_Plana_Yerlestirme\" title=\"\u0130konu Arka Plana Yerle\u015ftirme\">\u0130konu Arka Plana Yerle\u015ftirme<\/a><\/li><\/ul><\/nav><\/div>\n<h2 class=\"wp-block-heading\"><span class=\"ez-toc-section\" id=\"Hikayenin_One_Cikarilmasi\"><\/span><strong>Hikayenin \u00d6ne \u00c7\u0131kar\u0131lmas\u0131<\/strong><span class=\"ez-toc-section-end\"><\/span><\/h2>\n\n\n\n<p>Bir <a href=\"https:\/\/www.instagram.com\/\" target=\"_blank\" rel=\"noopener\">Instagram<\/a> hikayesinin \u00f6ne \u00e7\u0131kar\u0131lmas\u0131 i\u00e7in \u00f6ncelikle foto\u011fraf\u0131n 24 saatlik s\u00fcre boyunca Instagram&#8217;\u0131n hikaye b\u00f6l\u00fcm\u00fcnde kalmas\u0131 gerekiyor. Bu durum kapak foto\u011fraflar\u0131 i\u00e7in de ge\u00e7erli oluyor. Daha \u00f6nce \u00f6ne \u00e7\u0131kar\u0131lan hikayelerde bir kapak olu\u015ftursan\u0131z da olu\u015fturmasan\u0131z da \u00f6ne \u00e7\u0131karaca\u011f\u0131n\u0131z her foto\u011fraf\u0131 \u00f6nce hikayede payla\u015fman\u0131z gereklidir.<\/p>\n\n\n\n<p>Hikayede payla\u015f\u0131m yapt\u0131ktan sonra sa\u011f alt k\u00f6\u015fede bulunan kalbe t\u0131klayarak \u00f6ne \u00e7\u0131kar se\u00e7ene\u011fini i\u015faretlemelisiniz. Instagram \u00f6ne \u00e7\u0131kan hikayelere kapak foto\u011fraf\u0131 ekleme nas\u0131l yap\u0131l\u0131r? diye soranlar\u0131n daha \u00f6nce belirledikleri kapak foto\u011fraf\u0131n\u0131 da hikayeye eklemesi ve \u00f6ne \u00e7\u0131karma i\u015fleminden sonra kapa\u011f\u0131 d\u00fczenle se\u00e7ene\u011fi sayesinde istedi\u011fi g\u00f6rseli kapak foto\u011fraf\u0131 olarak eklemesi sa\u011flan\u0131r. Birden fazla kategoride birden \u00e7ok foto\u011fraf\u0131n\u0131z varsa kapak foto\u011fraf\u0131 ile kategorilendirme yapmak sayfa profilinin d\u00fczenli olmas\u0131n\u0131 sa\u011flayacakt\u0131r. \u00d6rne\u011fin; tatil foto\u011fraflar\u0131n\u0131z\u0131 bir klas\u00f6re, i\u015f foto\u011fraflar\u0131n\u0131z\u0131 di\u011fer klas\u00f6re toplayabilirsiniz.<\/p>\n\n\n\n<h2 class=\"wp-block-heading\"><span class=\"ez-toc-section\" id=\"Kapak_Fotografi_Olusturma\"><\/span><strong>Kapak Foto\u011fraf\u0131 Olu\u015fturma<\/strong><span class=\"ez-toc-section-end\"><\/span><\/h2>\n\n\n\n<p>Hem ki\u015filerin hem de markalar\u0131n profillerini d\u00fczenli g\u00f6stermesi takip\u00e7ilerin arad\u0131klar\u0131n\u0131 kolayca bulmas\u0131 i\u00e7in kapak foto\u011fraflar\u0131nda g\u00f6rselden daha \u00e7ok ikon kullan\u0131l\u0131r. Instagram \u00f6ne \u00e7\u0131kan hikayelere kapak foto\u011fraf\u0131 ekleme nas\u0131l yap\u0131l\u0131r? sorusundan \u00f6nce kapak foto\u011fraf\u0131n\u0131n nas\u0131l yap\u0131ld\u0131\u011f\u0131n\u0131n bilinmesi gerekir.<\/p>\n\n\n\n<p>Kapak foto\u011fraf\u0131 i\u00e7in \u00f6ncelikle bir arka plan g\u00f6rseline sahip olmal\u0131s\u0131n\u0131z. Arama motorundan arka plan g\u00f6rsellerine ula\u015fabilir ve diledi\u011finizi telefonunuza indirebilirsiniz. Aramay\u0131 \u0130ngilizce olarak yapman\u0131z daha fazla se\u00e7ene\u011fe sahip olman\u0131z anlam\u0131na gelebilir. Daha sonra hangi konuyla ilgili ikon koymak istiyorsan\u0131z yeni bir arama yapmal\u0131s\u0131n\u0131z. \u0130kon g\u00f6rsellerinin arka planlar\u0131 transparan olmal\u0131d\u0131r. Bu nedenle aramay\u0131 PNG format\u0131nda yapabilirsiniz.<\/p>\n\n\n\n<h2 class=\"wp-block-heading\"><span class=\"ez-toc-section\" id=\"Ikonu_Arka_Plana_Yerlestirme\"><\/span><strong>\u0130konu Arka Plana Yerle\u015ftirme<\/strong><span class=\"ez-toc-section-end\"><\/span><\/h2>\n\n\n\n<p>Arka plan\u0131 \u015feffaf ve temizlenmi\u015f olan g\u00f6rsel ikonu daha \u00f6nce indirdi\u011finiz arka plan g\u00f6rseli ile harmanlayabilirsiniz. Arka plan g\u00f6rselinin \u00fczerine PNG format\u0131nda indirdi\u011finiz ikonu yerle\u015ftirmek i\u00e7in telefonunuzun foto\u011fraf d\u00fczenleme program\u0131n\u0131 kullanabilirsiniz. Birle\u015ftirme i\u015flemini yapt\u0131ktan sonra g\u00f6rseli foto\u011fraf olarak kaydedip Instagram hikayenizde payla\u015fabilirsiniz. Hangi kategoride kapak foto\u011fraf\u0131 yapmak istiyorsan\u0131z o g\u00f6rsel klas\u00f6r\u00fc i\u00e7in i\u015flemleri tamamlayabilir, \u00f6ne \u00e7\u0131kan yeni hikayeler b\u00fct\u00fcn\u00fcn\u00fcz i\u00e7in bir isim ekleyebilirsiniz. T\u00fcm bu i\u015flemler son derece basit ve uygulamas\u0131 kolayd\u0131r.<\/p>\n\n\n\n<figure class=\"wp-block-embed aligncenter is-type-video is-provider-youtube wp-block-embed-youtube wp-embed-aspect-16-9 wp-has-aspect-ratio\"><div class=\"wp-block-embed__wrapper\">\n<iframe title=\"INSTAGRAM \u00d6NE \u00c7IKANLAR KAPAK D\u00dcZENLEME\" width=\"640\" height=\"360\" src=\"https:\/\/www.youtube.com\/embed\/TjIZQlKLnhc?feature=oembed\"  allow=\"accelerometer; autoplay; clipboard-write; encrypted-media; gyroscope; picture-in-picture; web-share\" referrerpolicy=\"strict-origin-when-cross-origin\" allowfullscreen><\/iframe>\n<\/div><\/figure>\n<div style='text-align:left' class='yasr-auto-insert-visitor'><\/div>","protected":false},"excerpt":{"rendered":"<p>Foto\u011fraf ve video payla\u015f\u0131m\u0131na izin veren, sponsorlu reklamlarla markalar\u0131n da en \u00e7ok sevdi\u011fi sosyal medya platformlar\u0131ndan olan Instagram her ge\u00e7en g\u00fcn yepyeni \u00f6zellikleriyle kar\u015f\u0131m\u0131za \u00e7\u0131k\u0131yor. D\u00fcnya \u00fczerindeki y\u00fcz binlerce insan g\u00fcnde en az 3 defa Instagram&#8217;a girerek di\u011fer insanlar\u0131n payla\u015ft\u0131klar\u0131 g\u00f6nderileri takip ediyorlar. Sadece \u00fclkemizde de\u011fil, t\u00fcm d\u00fcnyada olduk\u00e7a pop\u00fcler olan Instagram uygulamas\u0131 sayesinde birbirinden canl\u0131 hayatlara tan\u0131k oluyoruz. G\u00f6nderide payla\u015f\u0131lan foto\u011fraflar ar\u015fivleniyor ancak hikayede payla\u015f\u0131lan foto\u011fraflar 24 saat sonra siliniyor. Instagram, hikayede payla\u015f\u0131lan ancak sayfada kal\u0131nmas\u0131 istenen g\u00f6nderiler i\u00e7in hikayeleri \u00f6ne \u00e7\u0131karma \u00f6zelli\u011fi geli\u015ftirdi. Instagram \u00f6ne \u00e7\u0131kan hikayelere kapak foto\u011fraf\u0131 ekleme nas\u0131l yap\u0131l\u0131r? sorusu da bu \u00f6zellikle birlikte geldi. Hem ki\u015fisel kullan\u0131c\u0131lar hem de markalar sayfalar\u0131n\u0131n daha d\u00fczenli g\u00f6r\u00fcnmesi [&hellip;]<\/p>\n","protected":false},"author":1,"featured_media":10174,"comment_status":"open","ping_status":"open","sticky":false,"template":"","format":"standard","meta":{"rank_math_lock_modified_date":false,"yasr_overall_rating":0,"yasr_post_is_review":"","yasr_auto_insert_disabled":"","yasr_review_type":"","footnotes":""},"categories":[2906],"tags":[],"class_list":["post-10158","post","type-post","status-publish","format-standard","has-post-thumbnail","hentry","category-instagram-destek","entry"],"yasr_visitor_votes":{"stars_attributes":{"read_only":false,"span_bottom":false},"number_of_votes":2,"sum_votes":10},"_links":{"self":[{"href":"https:\/\/www.bepopi.com\/blog\/wp-json\/wp\/v2\/posts\/10158","targetHints":{"allow":["GET"]}}],"collection":[{"href":"https:\/\/www.bepopi.com\/blog\/wp-json\/wp\/v2\/posts"}],"about":[{"href":"https:\/\/www.bepopi.com\/blog\/wp-json\/wp\/v2\/types\/post"}],"author":[{"embeddable":true,"href":"https:\/\/www.bepopi.com\/blog\/wp-json\/wp\/v2\/users\/1"}],"replies":[{"embeddable":true,"href":"https:\/\/www.bepopi.com\/blog\/wp-json\/wp\/v2\/comments?post=10158"}],"version-history":[{"count":3,"href":"https:\/\/www.bepopi.com\/blog\/wp-json\/wp\/v2\/posts\/10158\/revisions"}],"predecessor-version":[{"id":15184,"href":"https:\/\/www.bepopi.com\/blog\/wp-json\/wp\/v2\/posts\/10158\/revisions\/15184"}],"wp:featuredmedia":[{"embeddable":true,"href":"https:\/\/www.bepopi.com\/blog\/wp-json\/wp\/v2\/media\/10174"}],"wp:attachment":[{"href":"https:\/\/www.bepopi.com\/blog\/wp-json\/wp\/v2\/media?parent=10158"}],"wp:term":[{"taxonomy":"category","embeddable":true,"href":"https:\/\/www.bepopi.com\/blog\/wp-json\/wp\/v2\/categories?post=10158"},{"taxonomy":"post_tag","embeddable":true,"href":"https:\/\/www.bepopi.com\/blog\/wp-json\/wp\/v2\/tags?post=10158"}],"curies":[{"name":"wp","href":"https:\/\/api.w.org\/{rel}","templated":true}]}}