{"id":12121,"date":"2020-06-23T18:07:38","date_gmt":"2020-06-23T15:07:38","guid":{"rendered":"https:\/\/bepopi.com\/blog\/?p=12121"},"modified":"2020-10-26T11:40:38","modified_gmt":"2020-10-26T08:40:38","slug":"facebook-grup-silme","status":"publish","type":"post","link":"https:\/\/www.bepopi.com\/blog\/facebook-grup-silme","title":{"rendered":"Facebook Grup Silme Nas\u0131l Yap\u0131l\u0131r?"},"content":{"rendered":"\n<p>Facebook uygulamas\u0131 i\u00e7erisinde grup a\u00e7mak ve gruptaki insanlar ile ileti\u015fim halinde olmak olduk\u00e7a s\u0131k kullan\u0131lan bir \u00f6zelliktir. Bir\u00e7ok ki\u015fiye ula\u015fman\u0131n en keyifli yollar\u0131ndan biri olan grup kurma \u00f6zelli\u011fi belirli durumlarda can s\u0131k\u0131c\u0131 olabilmektedir. Gerek grubun aktifli\u011fini kaybetmesi gerekse kullan\u0131lmas\u0131na ihtiya\u00e7 olmamas\u0131 sebebiyle grup kapat\u0131larak silinebilmektedir. Grup a\u00e7mak ve grup kapatmak i\u00e7in gerekli olan unsurlar\u0131n yerine getirilmesi \u00f6nemlidir. \u00d6zellikle 30 ya\u015f \u00fczerinde ki ki\u015filerin severek kulland\u0131\u011f\u0131 sosyal medya uygulamas\u0131 olan Facebook i\u00e7erisinde a\u00e7\u0131lan gruplar\u0131n silinmesi m\u00fcmk\u00fcnd\u00fcr. Grup kapatma veya grup silme i\u015flemi kal\u0131c\u0131 bir i\u015flem oldu\u011fundan dikkatli d\u00fc\u015f\u00fcn\u00fclerek karar verilmesi tavsiye edilmektedir.<\/p>\n\n\n\n<figure class=\"wp-block-embed-youtube wp-block-embed is-type-video is-provider-youtube wp-embed-aspect-16-9 wp-has-aspect-ratio\"><div class=\"wp-block-embed__wrapper\">\n<iframe title=\"FACEBOOK GRUP S\u0130LME 2023 | Facebook gruptan \u00e7\u0131kma &amp; Bildirim kapatma, takip vs. - YEN\u0130\" width=\"640\" height=\"360\" src=\"https:\/\/www.youtube.com\/embed\/gEea6CMPjXU?feature=oembed\"  allow=\"accelerometer; autoplay; clipboard-write; encrypted-media; gyroscope; picture-in-picture; web-share\" referrerpolicy=\"strict-origin-when-cross-origin\" allowfullscreen><\/iframe>\n<\/div><\/figure>\n\n\n\n<div id=\"ez-toc-container\" class=\"ez-toc-v2_0_69_1 counter-hierarchy ez-toc-counter ez-toc-grey ez-toc-container-direction\">\n<p class=\"ez-toc-title\" style=\"cursor:inherit\">\u0130\u00e7indekiler<\/p>\n<label for=\"ez-toc-cssicon-toggle-item-69ef126fa0464\" class=\"ez-toc-cssicon-toggle-label\"><span class=\"\"><span class=\"eztoc-hide\" style=\"display:none;\">Toggle<\/span><span class=\"ez-toc-icon-toggle-span\"><svg style=\"fill: #999;color:#999\" xmlns=\"http:\/\/www.w3.org\/2000\/svg\" class=\"list-377408\" width=\"20px\" height=\"20px\" viewBox=\"0 0 24 24\" fill=\"none\"><path d=\"M6 6H4v2h2V6zm14 0H8v2h12V6zM4 11h2v2H4v-2zm16 0H8v2h12v-2zM4 16h2v2H4v-2zm16 0H8v2h12v-2z\" fill=\"currentColor\"><\/path><\/svg><svg style=\"fill: #999;color:#999\" class=\"arrow-unsorted-368013\" xmlns=\"http:\/\/www.w3.org\/2000\/svg\" width=\"10px\" height=\"10px\" viewBox=\"0 0 24 24\" version=\"1.2\" baseProfile=\"tiny\"><path d=\"M18.2 9.3l-6.2-6.3-6.2 6.3c-.2.2-.3.4-.3.7s.1.5.3.7c.2.2.4.3.7.3h11c.3 0 .5-.1.7-.3.2-.2.3-.5.3-.7s-.1-.5-.3-.7zM5.8 14.7l6.2 6.3 6.2-6.3c.2-.2.3-.5.3-.7s-.1-.5-.3-.7c-.2-.2-.4-.3-.7-.3h-11c-.3 0-.5.1-.7.3-.2.2-.3.5-.3.7s.1.5.3.7z\"\/><\/svg><\/span><\/span><\/label><input type=\"checkbox\"  id=\"ez-toc-cssicon-toggle-item-69ef126fa0464\"  aria-label=\"Toggle\" \/><nav><ul class='ez-toc-list ez-toc-list-level-1 ' ><li class='ez-toc-page-1 ez-toc-heading-level-2'><a class=\"ez-toc-link ez-toc-heading-1\" href=\"https:\/\/www.bepopi.com\/blog\/facebook-grup-silme\/#Facebook_Grup_Nedir\" title=\"Facebook Grup Nedir?\">Facebook Grup Nedir?<\/a><\/li><li class='ez-toc-page-1 ez-toc-heading-level-2'><a class=\"ez-toc-link ez-toc-heading-2\" href=\"https:\/\/www.bepopi.com\/blog\/facebook-grup-silme\/#Facebook_Grup_Silme_Islemi\" title=\"Facebook Grup Silme \u0130\u015flemi\">Facebook Grup Silme \u0130\u015flemi<\/a><\/li><\/ul><\/nav><\/div>\n<h2 class=\"wp-block-heading\"><span class=\"ez-toc-section\" id=\"Facebook_Grup_Nedir\"><\/span><strong>Facebook Grup Nedir?<\/strong><span class=\"ez-toc-section-end\"><\/span><\/h2>\n\n\n\n<p>Facebook \u00fczerinde a\u00e7\u0131lan herhangi bir grubun silinebilmesi i\u00e7in y\u00f6netici olma \u015fart\u0131 bulunmaktad\u0131r. Grubun normal \u00fcyeleri grubu silme \u00f6zelli\u011fine sahip de\u011fildir. Normal \u00fcyeler bulunmak istemedikleri gruptan direkt olarak \u00e7\u0131kabilmektedir. Fakat grubun tamamen silinmesi i\u00e7in y\u00f6netici olma \u015fart\u0131 aranmaktad\u0131r. Y\u00f6neticisi olunan grup silinebilece\u011fi gibi iste\u011fe g\u00f6re ar\u015fivlene de bilmektedir. Grubun kapat\u0131lmas\u0131 i\u00e7in grupta herhangi bir \u00fcye bulunmamas\u0131 gerekmektedir. E\u011fer grupta \u00fcye var ise \u00fcyeler k\u0131sm\u0131ndan bu \u00fcyeler \u00e7\u0131kar\u0131lmal\u0131d\u0131r. \u201cGruptan \u00c7\u0131kar\u201d k\u0131sm\u0131na t\u0131klanarak grup i\u00e7erisinde ki \u00fcyelerin tamam\u0131 \u00e7\u0131kar\u0131labilmektedir.<\/p>\n\n\n\n<p> Bu i\u015flem sonras\u0131nda grup silme i\u015flemi yap\u0131labilir. Grup silme i\u015flemi kal\u0131c\u0131 bir i\u015flem oldu\u011fundan dikkatli olarak d\u00fc\u015f\u00fcn\u00fclerek karar verilmesi \u00f6nemlidir. Grubun tekrar geri al\u0131nmas\u0131 veya ayn\u0131 grubun tekrar aktif edilmesi m\u00fcmk\u00fcn de\u011fildir. Grup silme konusunda emin olmayan ki\u015filer grubu ar\u015fivleyebilmektedir. Ar\u015fivleme i\u015flemi sonras\u0131nda y\u00f6netici grubu tekrar aktif edebilmektedir fakat bu durum grup silme i\u015flemi i\u00e7in ge\u00e7erli de\u011fildir. Ki\u015fi kendine ait olan yani y\u00f6netici oldu\u011fu grubu gerekli i\u015flemleri yerine getirerek sorunsuz olarak silebilmektedir.<\/p>\n\n\n\n<div class=\"wp-block-image\"><figure class=\"aligncenter size-large\"><img decoding=\"async\" width=\"960\" height=\"525\" src=\"https:\/\/bepopi.com\/blog\/wp-content\/uploads\/2020\/06\/facebook-grup-silme-960x525.jpg\" alt=\"facebook grup silme\" class=\"wp-image-12123\"\/><\/figure><\/div>\n\n\n\n<h2 class=\"wp-block-heading\"><span class=\"ez-toc-section\" id=\"Facebook_Grup_Silme_Islemi\"><\/span><strong>Facebook Grup Silme \u0130\u015flemi<\/strong><span class=\"ez-toc-section-end\"><\/span><\/h2>\n\n\n\n<p>Grup silme i\u015flemi asl\u0131na bak\u0131ld\u0131\u011f\u0131nda olduk\u00e7a kolay bir i\u015flemdir. Birka\u00e7 \u00f6nemli nokta d\u0131\u015f\u0131nda herhangi bir sorun bulunmamaktad\u0131r. Grup i\u00e7erisinde birden fazla y\u00f6netici olmas\u0131 durumu ile kar\u015f\u0131la\u015f\u0131labilmektedir. Bu durumda grubu kuran y\u00f6netici grubu silmedi\u011fi taktirde di\u011fer y\u00f6neticiler grup silme i\u015flemini yapamamaktad\u0131r. Grubun kurucu \u00fcyesi e\u011fer grubu silmek istiyor ise grupta ki \u00fcyeleri tek tek gruptan \u00e7\u0131karmal\u0131d\u0131r.<\/p>\n\n\n\n<ul class=\"wp-block-list\"><li>\u00d6ncelikle Facebook uygulamas\u0131na giri\u015f yap\u0131lmal\u0131 ve ard\u0131ndan silinmek istenen grup se\u00e7ilmelidir.<\/li><li>Gruba girildikten sonra \u201c\u00dcyeler\u201d k\u0131sm\u0131nda yer alan t\u00fcm \u00fcyeler gruptan \u00e7\u0131kar\u0131lmal\u0131d\u0131r.<br>T\u00fcm \u00fcyeler gruptan \u00e7\u0131kar\u0131ld\u0131ktan sonra kurucu y\u00f6netici gruptan ayr\u0131l se\u00e7ene\u011fine t\u0131klamal\u0131d\u0131r.<\/li><li>Bu i\u015flemin yap\u0131lmas\u0131 halinde \u201cGrubun son \u00fcyesi oldu\u011fun i\u00e7in gruptan ayr\u0131lman halinde grup silinecek\u201d uyar\u0131s\u0131 gelmektedir.<\/li><li>Bu uyar\u0131n\u0131n onaylanmas\u0131 durumunda kurucu y\u00f6netici gruptan ayr\u0131ld\u0131\u011f\u0131 anda grup silinmektedir.<\/li><\/ul>\n\n\n\n<p>Grubun silinmesi halinde tekrar geri gelmesi m\u00fcmk\u00fcn de\u011fildir yani grup silme i\u015flemi kal\u0131c\u0131 bir i\u015flemdir. \u00dcye say\u0131s\u0131 fazla olan hesaplar i\u00e7in u\u011fra\u015ft\u0131r\u0131c\u0131 olsada ne yaz\u0131k ki grup kapatma veya silme i\u015fleminin alternatif bir yolu bulunmamaktad\u0131r.<\/p>\n\n\n\n<figure class=\"wp-block-embed-youtube wp-block-embed is-type-video is-provider-youtube wp-embed-aspect-16-9 wp-has-aspect-ratio\"><div class=\"wp-block-embed__wrapper\">\n<iframe title=\"FACEBOOK GRUB Y\u00d6NET\u0130C\u0130 AYARLARINI D\u00dcZENLEME\" width=\"640\" height=\"360\" src=\"https:\/\/www.youtube.com\/embed\/p8P5--sWIIc?feature=oembed\"  allow=\"accelerometer; autoplay; clipboard-write; encrypted-media; gyroscope; picture-in-picture; web-share\" referrerpolicy=\"strict-origin-when-cross-origin\" allowfullscreen><\/iframe>\n<\/div><\/figure>\n\n\n\n<p><a href=\"https:\/\/bepopi.com\/blog\/facebook-destek\" target=\"_blank\" rel=\"noopener\">Facebook Destek<\/a>&nbsp;bloglar\u0131 t\u00fcm g\u00fcncellemeler ve geli\u015fmelerden haberdar olun.<\/p>\n<div style='text-align:left' class='yasr-auto-insert-visitor'><\/div>","protected":false},"excerpt":{"rendered":"<p>Facebook uygulamas\u0131 i\u00e7erisinde grup a\u00e7mak ve gruptaki insanlar ile ileti\u015fim halinde olmak olduk\u00e7a s\u0131k kullan\u0131lan bir \u00f6zelliktir. Bir\u00e7ok ki\u015fiye ula\u015fman\u0131n en keyifli yollar\u0131ndan biri olan grup kurma \u00f6zelli\u011fi belirli durumlarda can s\u0131k\u0131c\u0131 olabilmektedir. Gerek grubun aktifli\u011fini kaybetmesi gerekse kullan\u0131lmas\u0131na ihtiya\u00e7 olmamas\u0131 sebebiyle grup kapat\u0131larak silinebilmektedir. Grup a\u00e7mak ve grup kapatmak i\u00e7in gerekli olan unsurlar\u0131n yerine getirilmesi \u00f6nemlidir. \u00d6zellikle 30 ya\u015f \u00fczerinde ki ki\u015filerin severek kulland\u0131\u011f\u0131 sosyal medya uygulamas\u0131 olan Facebook i\u00e7erisinde a\u00e7\u0131lan gruplar\u0131n silinmesi m\u00fcmk\u00fcnd\u00fcr. Grup kapatma veya grup silme i\u015flemi kal\u0131c\u0131 bir i\u015flem oldu\u011fundan dikkatli d\u00fc\u015f\u00fcn\u00fclerek karar verilmesi tavsiye edilmektedir. Facebook Grup Nedir? Facebook \u00fczerinde a\u00e7\u0131lan herhangi bir grubun silinebilmesi i\u00e7in y\u00f6netici olma \u015fart\u0131 bulunmaktad\u0131r. Grubun normal \u00fcyeleri grubu [&hellip;]<\/p>\n","protected":false},"author":1,"featured_media":12122,"comment_status":"open","ping_status":"open","sticky":false,"template":"","format":"standard","meta":{"rank_math_lock_modified_date":false,"yasr_overall_rating":0,"yasr_post_is_review":"","yasr_auto_insert_disabled":"","yasr_review_type":"","footnotes":""},"categories":[2905],"tags":[],"class_list":["post-12121","post","type-post","status-publish","format-standard","has-post-thumbnail","hentry","category-facebook-destek","entry"],"yasr_visitor_votes":{"stars_attributes":{"read_only":false,"span_bottom":false},"number_of_votes":2,"sum_votes":10},"_links":{"self":[{"href":"https:\/\/www.bepopi.com\/blog\/wp-json\/wp\/v2\/posts\/12121","targetHints":{"allow":["GET"]}}],"collection":[{"href":"https:\/\/www.bepopi.com\/blog\/wp-json\/wp\/v2\/posts"}],"about":[{"href":"https:\/\/www.bepopi.com\/blog\/wp-json\/wp\/v2\/types\/post"}],"author":[{"embeddable":true,"href":"https:\/\/www.bepopi.com\/blog\/wp-json\/wp\/v2\/users\/1"}],"replies":[{"embeddable":true,"href":"https:\/\/www.bepopi.com\/blog\/wp-json\/wp\/v2\/comments?post=12121"}],"version-history":[{"count":2,"href":"https:\/\/www.bepopi.com\/blog\/wp-json\/wp\/v2\/posts\/12121\/revisions"}],"predecessor-version":[{"id":14929,"href":"https:\/\/www.bepopi.com\/blog\/wp-json\/wp\/v2\/posts\/12121\/revisions\/14929"}],"wp:featuredmedia":[{"embeddable":true,"href":"https:\/\/www.bepopi.com\/blog\/wp-json\/wp\/v2\/media\/12122"}],"wp:attachment":[{"href":"https:\/\/www.bepopi.com\/blog\/wp-json\/wp\/v2\/media?parent=12121"}],"wp:term":[{"taxonomy":"category","embeddable":true,"href":"https:\/\/www.bepopi.com\/blog\/wp-json\/wp\/v2\/categories?post=12121"},{"taxonomy":"post_tag","embeddable":true,"href":"https:\/\/www.bepopi.com\/blog\/wp-json\/wp\/v2\/tags?post=12121"}],"curies":[{"name":"wp","href":"https:\/\/api.w.org\/{rel}","templated":true}]}}