{"id":3704,"date":"2016-12-14T18:57:12","date_gmt":"2016-12-14T16:57:12","guid":{"rendered":"https:\/\/bepopi.com\/blog\/?p=3704"},"modified":"2020-10-20T11:02:23","modified_gmt":"2020-10-20T08:02:23","slug":"instagram-yorum-guncellemesinde-sorun","status":"publish","type":"post","link":"https:\/\/www.bepopi.com\/blog\/instagram-yorum-guncellemesinde-sorun","title":{"rendered":"Instagram Yorum G\u00fcncellemesinde Sorun"},"content":{"rendered":"<p>Ge\u00e7ti\u011fimiz g\u00fcnlerde <strong>Instagram<\/strong> yeni bir dizi g\u00fcncelleme duyurmu\u015ftu. Instagram taraf\u0131ndan yap\u0131lan duyuruda gelecek olan yeni g\u00fcncelleme ile beraber <strong>Instagram\u2019\u0131n<\/strong> bir\u00e7ok \u00f6zelli\u011finin de\u011fi\u015fece\u011fi de belirtilmi\u015fti. Ba\u015fta Instagram\u2019\u0131n yorum \u00f6zelliklerini de\u011fi\u015ftirecek olan yeni g\u00fcncellemenin ard\u0131ndan gizli hesap \u00f6zellikleri, Instagram destek \u00f6zellikleri gibi bir\u00e7ok yeni \u00f6zelli\u011fi de uygulamaya dahil edece\u011fi belirtilmi\u015fti. Fakat bu son g\u00fcncelleme haberi verilmi\u015f olsa da hen\u00fcz bundan \u00f6nceki g\u00fcncelleme olan canl\u0131 yay\u0131n \u00f6zelli\u011fi i\u00e7in yeni bir a\u00e7\u0131klama yap\u0131lmam\u0131\u015ft\u0131. <strong>Instagram<\/strong> taraf\u0131ndan bu konuda hakk\u0131nda beklenen a\u00e7\u0131klama ise d\u00fcn yap\u0131ld\u0131. Yap\u0131lan a\u00e7\u0131klamada Instagram\u2019a canl\u0131 yay\u0131n \u00f6zelli\u011finin dahil edilece\u011fi belirtildi.<\/p>\n<div id=\"ez-toc-container\" class=\"ez-toc-v2_0_69_1 counter-hierarchy ez-toc-counter ez-toc-grey ez-toc-container-direction\">\n<p class=\"ez-toc-title\" style=\"cursor:inherit\">\u0130\u00e7indekiler<\/p>\n<label for=\"ez-toc-cssicon-toggle-item-69f32057c9745\" class=\"ez-toc-cssicon-toggle-label\"><span class=\"\"><span class=\"eztoc-hide\" style=\"display:none;\">Toggle<\/span><span class=\"ez-toc-icon-toggle-span\"><svg style=\"fill: #999;color:#999\" xmlns=\"http:\/\/www.w3.org\/2000\/svg\" class=\"list-377408\" width=\"20px\" height=\"20px\" viewBox=\"0 0 24 24\" fill=\"none\"><path d=\"M6 6H4v2h2V6zm14 0H8v2h12V6zM4 11h2v2H4v-2zm16 0H8v2h12v-2zM4 16h2v2H4v-2zm16 0H8v2h12v-2z\" fill=\"currentColor\"><\/path><\/svg><svg style=\"fill: #999;color:#999\" class=\"arrow-unsorted-368013\" xmlns=\"http:\/\/www.w3.org\/2000\/svg\" width=\"10px\" height=\"10px\" viewBox=\"0 0 24 24\" version=\"1.2\" baseProfile=\"tiny\"><path d=\"M18.2 9.3l-6.2-6.3-6.2 6.3c-.2.2-.3.4-.3.7s.1.5.3.7c.2.2.4.3.7.3h11c.3 0 .5-.1.7-.3.2-.2.3-.5.3-.7s-.1-.5-.3-.7zM5.8 14.7l6.2 6.3 6.2-6.3c.2-.2.3-.5.3-.7s-.1-.5-.3-.7c-.2-.2-.4-.3-.7-.3h-11c-.3 0-.5.1-.7.3-.2.2-.3.5-.3.7s.1.5.3.7z\"\/><\/svg><\/span><\/span><\/label><input type=\"checkbox\"  id=\"ez-toc-cssicon-toggle-item-69f32057c9745\"  aria-label=\"Toggle\" \/><nav><ul class='ez-toc-list ez-toc-list-level-1 ' ><li class='ez-toc-page-1 ez-toc-heading-level-2'><a class=\"ez-toc-link ez-toc-heading-1\" href=\"https:\/\/www.bepopi.com\/blog\/instagram-yorum-guncellemesinde-sorun\/#Yeni_Guncelleme_Ile_Yeni_Sorunlar_Ortaya_Cikti\" title=\"Yeni G\u00fcncelleme \u0130le Yeni Sorunlar Ortaya \u00c7\u0131kt\u0131\">Yeni G\u00fcncelleme \u0130le Yeni Sorunlar Ortaya \u00c7\u0131kt\u0131<\/a><\/li><\/ul><\/nav><\/div>\n<h2><span class=\"ez-toc-section\" id=\"Yeni_Guncelleme_Ile_Yeni_Sorunlar_Ortaya_Cikti\"><\/span>Yeni G\u00fcncelleme \u0130le Yeni Sorunlar Ortaya \u00c7\u0131kt\u0131<span class=\"ez-toc-section-end\"><\/span><\/h2>\n<p>Hemen her kullan\u0131c\u0131 <strong>Instagram<\/strong> taraf\u0131ndan yap\u0131lan bu a\u00e7\u0131klama sonras\u0131nda <strong>canl\u0131 yay\u0131n<\/strong> \u00f6zelli\u011fini beklese de Instagram\u2019\u0131n canl\u0131 yay\u0131n \u00f6zelli\u011fi yay\u0131na ge\u00e7medi. Buna kar\u015f\u0131n <strong>Instagram\u2019\u0131n<\/strong> k\u0131sa s\u00fcre \u00f6nce duyurdu\u011fu g\u00fcncellemeler devreye girdi. Uygulaman\u0131n 10.2 s\u00fcr\u00fcm\u00fcne g\u00fcncellendi\u011fini belirten Instagram s\u00f6z konusu g\u00fcncellemeyle beraber daha \u00f6nce bahsetmi\u015f oldu\u011fu yorum ve destek \u00f6zelliklerini devreye soktu.<\/p>\n<p>Fakat beklenen canl\u0131 yay\u0131n \u00f6zelli\u011fini devreye sokmayan uygulaman\u0131n bu g\u00fcncellemesi sonras\u0131nda yeni sorunlar ortaya \u00e7\u0131kmaya ba\u015flad\u0131. Uygulaman\u0131n stabil bir \u015fekilde \u00e7al\u0131\u015fmas\u0131n\u0131 engelleyen yeni g\u00fcncelleme sonras\u0131nda ise kullan\u0131c\u0131lardan gelen mesajlara g\u00f6re ortaya \u00e7\u0131kan sorunlarla aras\u0131nda yorum be\u011fenme sorunu ise dikkat \u00e7ekti. Zira yeni gelen \u00f6zelliklerden biri olmas\u0131na kar\u015f\u0131n kullan\u0131c\u0131lar\u0131n yapt\u0131klar\u0131 yorumlara g\u00f6re \u00f6zellikle baz\u0131 cihazlarda yorum be\u011feni \u00f6zelli\u011fi yeniden kullan\u0131lmaz hale geldi.<\/p>\n<p><img decoding=\"async\" class=\"size-full wp-image-3705 aligncenter\" src=\"https:\/\/bepopi.com\/blog\/wp-content\/uploads\/2020\/05\/Instagram-guncelleme-sorunu.jpg\" alt=\"Instagram yeni \u00f6zellikler \" width=\"580\" height=\"330\" \/><\/p>\n<p>G\u00fcncellemede herhangi bir sorun mu olu\u015ftu bilinmez ama <strong>Instagram<\/strong> bu hata mesajlar\u0131ndan \u00e7ok k\u0131sa bir s\u00fcre sonra bir mini g\u00fcncelleme daha yay\u0131nlad\u0131. Hatalar\u0131 b\u00fcy\u00fck oranda \u00e7\u00f6zd\u00fc\u011f\u00fc belirtilen g\u00fcncelleme sonras\u0131nda da hen\u00fcz canl\u0131 yay\u0131n \u00f6zelli\u011fi kullan\u0131ma ge\u00e7medi. Hal b\u00f6yle olunca s\u00f6z konusu \u00f6zelli\u011fin kullan\u0131l\u0131p kullan\u0131lamayaca\u011f\u0131 da merak konusu oldu. Zira <strong>Instagram\u2019\u0131n<\/strong> \u00e7ok k\u0131sa s\u00fcre \u00f6nce canl\u0131 yay\u0131n \u00f6zelli\u011fini devreye sokaca\u011f\u0131 d\u00fc\u015f\u00fcn\u00fcl\u00fcyordu. Fakat yeni g\u00fcncelleme ile beraber canl\u0131 yay\u0131n \u00f6zelli\u011finin gelmemesine kar\u015f\u0131n ya\u015fanan sorunlar\u0131n artmas\u0131 kullan\u0131c\u0131lar\u0131n yorumlar\u0131na da tepki olarak yans\u0131d\u0131. Instagram\u2019\u0131n bu konuda nas\u0131l bir a\u00e7\u0131klama yapaca\u011f\u0131 ve beklenen g\u00fcncellemelerin ne zaman yay\u0131nlanaca\u011f\u0131 konusunda da hen\u00fcz net bir bilgi yok. Bakal\u0131m Instagram taraf\u0131ndan \u00f6zellikle canl\u0131 yay\u0131n \u00f6zelli\u011fi i\u00e7in nas\u0131l bir a\u00e7\u0131klama yap\u0131lacak.<\/p>\n<div style='text-align:left' class='yasr-auto-insert-visitor'><\/div>","protected":false},"excerpt":{"rendered":"<p>Ge\u00e7ti\u011fimiz g\u00fcnlerde Instagram yeni bir dizi g\u00fcncelleme duyurmu\u015ftu. Instagram taraf\u0131ndan yap\u0131lan duyuruda gelecek olan yeni g\u00fcncelleme ile beraber Instagram\u2019\u0131n bir\u00e7ok \u00f6zelli\u011finin de\u011fi\u015fece\u011fi de belirtilmi\u015fti. Ba\u015fta Instagram\u2019\u0131n yorum \u00f6zelliklerini de\u011fi\u015ftirecek olan yeni g\u00fcncellemenin ard\u0131ndan gizli hesap \u00f6zellikleri, Instagram destek \u00f6zellikleri gibi bir\u00e7ok yeni \u00f6zelli\u011fi de uygulamaya dahil edece\u011fi belirtilmi\u015fti. Fakat bu son g\u00fcncelleme haberi verilmi\u015f olsa da hen\u00fcz bundan \u00f6nceki g\u00fcncelleme olan canl\u0131 yay\u0131n \u00f6zelli\u011fi i\u00e7in yeni bir a\u00e7\u0131klama yap\u0131lmam\u0131\u015ft\u0131. Instagram taraf\u0131ndan bu konuda hakk\u0131nda beklenen a\u00e7\u0131klama ise d\u00fcn yap\u0131ld\u0131. Yap\u0131lan a\u00e7\u0131klamada Instagram\u2019a canl\u0131 yay\u0131n \u00f6zelli\u011finin dahil edilece\u011fi belirtildi. Yeni G\u00fcncelleme \u0130le Yeni Sorunlar Ortaya \u00c7\u0131kt\u0131 Hemen her kullan\u0131c\u0131 Instagram taraf\u0131ndan yap\u0131lan bu a\u00e7\u0131klama sonras\u0131nda canl\u0131 yay\u0131n \u00f6zelli\u011fini beklese de Instagram\u2019\u0131n [&hellip;]<\/p>\n","protected":false},"author":1,"featured_media":11785,"comment_status":"open","ping_status":"open","sticky":false,"template":"","format":"standard","meta":{"rank_math_lock_modified_date":false,"yasr_overall_rating":0,"yasr_post_is_review":"","yasr_auto_insert_disabled":"","yasr_review_type":"","footnotes":""},"categories":[1],"tags":[],"class_list":["post-3704","post","type-post","status-publish","format-standard","has-post-thumbnail","hentry","category-sosyal-medya","entry"],"yasr_visitor_votes":{"stars_attributes":{"read_only":false,"span_bottom":false},"number_of_votes":2,"sum_votes":10},"_links":{"self":[{"href":"https:\/\/www.bepopi.com\/blog\/wp-json\/wp\/v2\/posts\/3704","targetHints":{"allow":["GET"]}}],"collection":[{"href":"https:\/\/www.bepopi.com\/blog\/wp-json\/wp\/v2\/posts"}],"about":[{"href":"https:\/\/www.bepopi.com\/blog\/wp-json\/wp\/v2\/types\/post"}],"author":[{"embeddable":true,"href":"https:\/\/www.bepopi.com\/blog\/wp-json\/wp\/v2\/users\/1"}],"replies":[{"embeddable":true,"href":"https:\/\/www.bepopi.com\/blog\/wp-json\/wp\/v2\/comments?post=3704"}],"version-history":[{"count":1,"href":"https:\/\/www.bepopi.com\/blog\/wp-json\/wp\/v2\/posts\/3704\/revisions"}],"predecessor-version":[{"id":14776,"href":"https:\/\/www.bepopi.com\/blog\/wp-json\/wp\/v2\/posts\/3704\/revisions\/14776"}],"wp:featuredmedia":[{"embeddable":true,"href":"https:\/\/www.bepopi.com\/blog\/wp-json\/wp\/v2\/media\/11785"}],"wp:attachment":[{"href":"https:\/\/www.bepopi.com\/blog\/wp-json\/wp\/v2\/media?parent=3704"}],"wp:term":[{"taxonomy":"category","embeddable":true,"href":"https:\/\/www.bepopi.com\/blog\/wp-json\/wp\/v2\/categories?post=3704"},{"taxonomy":"post_tag","embeddable":true,"href":"https:\/\/www.bepopi.com\/blog\/wp-json\/wp\/v2\/tags?post=3704"}],"curies":[{"name":"wp","href":"https:\/\/api.w.org\/{rel}","templated":true}]}}