{"id":3750,"date":"2016-12-24T15:32:00","date_gmt":"2016-12-24T13:32:00","guid":{"rendered":"https:\/\/bepopi.com\/blog\/?p=3750"},"modified":"2020-10-20T11:06:22","modified_gmt":"2020-10-20T08:06:22","slug":"instagrami-bilgisayardan-kullanirken-fotograf-nasil-yuklenir","status":"publish","type":"post","link":"https:\/\/www.bepopi.com\/blog\/instagrami-bilgisayardan-kullanirken-fotograf-nasil-yuklenir","title":{"rendered":"Instagram&#8217;\u0131 Bilgisayardan Kullan\u0131rken Foto\u011fraf Nas\u0131l Y\u00fcklenir?"},"content":{"rendered":"<p style=\"text-align: justify;\"><img decoding=\"async\" class=\"size-medium wp-image-3751 aligncenter\" src=\"https:\/\/bepopi.com\/blog\/wp-content\/uploads\/2016\/12\/instagrami-bilgisayardan-kullanirken.jpg\" alt=\"instagrami-bilgisayardan-kullanirken\" width=\"300\" height=\"190\" \/><\/p>\n<p style=\"text-align: justify;\">Instagram gibi dev bir sosyal a\u011f\u0131n masa\u00fcst\u00fc deste\u011fini almas\u0131 ge\u00e7ti\u011fimiz aylarda ger\u00e7ekle\u015fti. Genellikle mobil cihazlar \u00fczerinden Android ve iOS i\u015fletim sistemiyle entegre \u00e7al\u0131\u015fan sistem Windows cihazlar \u00fczerinden eri\u015fim sa\u011flanarak kullan\u0131lmaya ba\u015fland\u0131. Peki bu kullan\u0131m aktif olarak kullan\u0131c\u0131lara al\u0131\u015ft\u0131klar\u0131 Instagram deneyimini ya\u015fat\u0131yor mu? Bu soruya net olarak olumlu cevap verebilmek imk\u00e2ns\u0131z. Keza \u015fuan Instagram masa\u00fcst\u00fc uygulamas\u0131nda foto\u011fraf y\u00fcklemenin m\u00fcmk\u00fcn olmad\u0131\u011f\u0131 ortada. Ancak hi\u00e7bir \u015fey imk\u00e2ns\u0131z olmad\u0131\u011f\u0131 gibi bunu da a\u015fabilmenin baz\u0131 yollar\u0131 var.<\/p>\n<p style=\"text-align: justify;\">Windows i\u015fletim sistemine sahip dokunmatik y\u00fczeye sahip tabletler ile Instagram \u00fczerinde istedi\u011finiz t\u00fcm i\u00e7eriklere eri\u015fim sa\u011flayabiliyorsunuz. Bilgisayardan ise yaln\u0131zca ak\u0131\u015f ve ke\u015ffet gibi g\u00f6r\u00fcnt\u00fcleme k\u0131s\u0131mlar\u0131n\u0131 kullanabiliyor, payla\u015f\u0131mlarda bulunabiliyorsunuz. Yeni bir foto\u011fraf eklemek istedi\u011finizde ise buna olanak verilmiyor. En az\u0131ndan 3.parti yaz\u0131l\u0131mlar\u0131 hesaba katmazsak b\u00f6yle bir tan\u0131m yapabiliyoruz. Instagram&#8217;a bilgisayardan nas\u0131l foto\u011fraf y\u00fcklenir konusuna d\u00f6necek olursak bize burada destek sunacak iki farkl\u0131 yaz\u0131l\u0131m bulunuyor.<\/p>\n<ul style=\"text-align: justify;\">\n<li>BlueStacks<\/li>\n<\/ul>\n<p style=\"text-align: justify;\">BlueStacks sayesinde bilgisayardan Instagram&#8217;a foto\u011fraf y\u00fcklemek sand\u0131\u011f\u0131n\u0131zdan \u00e7ok daha kolay bir bi\u00e7imde yap\u0131labiliyor. Em\u00fclat\u00f6r mant\u0131\u011f\u0131nda \u00e7al\u0131\u015fan BlueStacks kullan\u0131m\u0131 ise a\u015fa\u011f\u0131daki ad\u0131mlar\u0131 izleyerek olduk\u00e7a kolay.<\/p>\n<ol style=\"text-align: justify;\">\n<li>\u00d6ncelikle resmi site \u00fczerinden indirme linkine t\u0131klay\u0131p bilgisayar\u0131n\u0131za kurulum yapmal\u0131s\u0131n\u0131z.<\/li>\n<li>\u0130ndirme i\u015flemiyle beraber &#8216;App Store Access&#8217; k\u0131sm\u0131nda tik olmas\u0131 gerekti\u011fini unutmadan i\u015flemi s\u00fcrd\u00fcr\u00fcn.<\/li>\n<li>Aplikasyon y\u00fcklendi\u011finde ekran\u0131n \u00fcst\u00fcnde yer alan bir b\u00fcy\u00fcte\u00e7 simgesi g\u00f6receksiniz. Google Play Store ile entegre \u00e7al\u0131\u015fan bu sekmeden Instagram&#8217;\u0131 bulup y\u00fckleme i\u015flemini tamamlay\u0131n.<\/li>\n<li>T\u0131pk\u0131 telefonunuzda oldu\u011fu gibi bilgisayar\u0131n\u0131zda da Instagram kullanmak ve foto\u011fraf y\u00fcklemek i\u00e7in y\u00fckleme i\u015fleminin ard\u0131ndan giri\u015f yapman\u0131z gerekiyor.<\/li>\n<li>BlueStacks \u00fczerinden bilgisayardan Instagram&#8217;a foto\u011fraf atmak yaln\u0131zca bu 5 ad\u0131mla m\u00fcmk\u00fcn.<\/li>\n<\/ol>\n<ul style=\"text-align: justify;\">\n<li>Gramblr<\/li>\n<\/ul>\n<p style=\"text-align: justify;\">\u00c7\u0131k\u0131\u015f amac\u0131n\u0131n Instagram&#8217;a bilgisayardan foto\u011fraf y\u00fcklemek olmas\u0131 Gramblr uygulamas\u0131n\u0131n kozunu g\u00fc\u00e7lendiriyor.<\/p>\n<ol>\n<li style=\"text-align: justify;\">Bir em\u00fclat\u00f6r olmaktan ziyade Gramblr resmi sitesinden indirdi\u011finizde do\u011frudan kar\u015f\u0131n\u0131za bir login ekran\u0131 gelecektir.<\/li>\n<li style=\"text-align: justify;\">Bu login ekran\u0131na Instagram hesap bilgilerinizle giri\u015f yapt\u0131ktan sonra ise yaln\u0131zca istedi\u011finiz foto\u011fraf\u0131 se\u00e7ip y\u00fcklemek kal\u0131yor.<\/li>\n<li style=\"text-align: justify;\">S\u0131ras\u0131yla Choose File-&gt; Upload i\u015flemiyle birlikte se\u00e7ti\u011finiz foto\u011fraf\u0131 Instagram&#8217;a y\u00fckleme i\u015flemini tamamlayabilirsiniz.<\/li>\n<\/ol>\n<div id=\"ez-toc-container\" class=\"ez-toc-v2_0_69_1 counter-hierarchy ez-toc-counter ez-toc-grey ez-toc-container-direction\">\n<p class=\"ez-toc-title\" style=\"cursor:inherit\">\u0130\u00e7indekiler<\/p>\n<label for=\"ez-toc-cssicon-toggle-item-69f3320a39078\" class=\"ez-toc-cssicon-toggle-label\"><span class=\"\"><span class=\"eztoc-hide\" style=\"display:none;\">Toggle<\/span><span class=\"ez-toc-icon-toggle-span\"><svg style=\"fill: #999;color:#999\" xmlns=\"http:\/\/www.w3.org\/2000\/svg\" class=\"list-377408\" width=\"20px\" height=\"20px\" viewBox=\"0 0 24 24\" fill=\"none\"><path d=\"M6 6H4v2h2V6zm14 0H8v2h12V6zM4 11h2v2H4v-2zm16 0H8v2h12v-2zM4 16h2v2H4v-2zm16 0H8v2h12v-2z\" fill=\"currentColor\"><\/path><\/svg><svg style=\"fill: #999;color:#999\" class=\"arrow-unsorted-368013\" xmlns=\"http:\/\/www.w3.org\/2000\/svg\" width=\"10px\" height=\"10px\" viewBox=\"0 0 24 24\" version=\"1.2\" baseProfile=\"tiny\"><path d=\"M18.2 9.3l-6.2-6.3-6.2 6.3c-.2.2-.3.4-.3.7s.1.5.3.7c.2.2.4.3.7.3h11c.3 0 .5-.1.7-.3.2-.2.3-.5.3-.7s-.1-.5-.3-.7zM5.8 14.7l6.2 6.3 6.2-6.3c.2-.2.3-.5.3-.7s-.1-.5-.3-.7c-.2-.2-.4-.3-.7-.3h-11c-.3 0-.5.1-.7.3-.2.2-.3.5-.3.7s.1.5.3.7z\"\/><\/svg><\/span><\/span><\/label><input type=\"checkbox\"  id=\"ez-toc-cssicon-toggle-item-69f3320a39078\"  aria-label=\"Toggle\" \/><nav><ul class='ez-toc-list ez-toc-list-level-1 ' ><li class='ez-toc-page-1 ez-toc-heading-level-2'><a class=\"ez-toc-link ez-toc-heading-1\" href=\"https:\/\/www.bepopi.com\/blog\/instagrami-bilgisayardan-kullanirken-fotograf-nasil-yuklenir\/#Dunyaca_Unlu_Uygulama_Instagrama_Bilgisayardan_Nasil_Fotograf_Yuklenir\" title=\"D\u00fcnyaca \u00dcnl\u00fc Uygulama\u00a0Instagram&#8217;a Bilgisayardan Nas\u0131l Foto\u011fraf Y\u00fcklenir ?\">D\u00fcnyaca \u00dcnl\u00fc Uygulama\u00a0Instagram&#8217;a Bilgisayardan Nas\u0131l Foto\u011fraf Y\u00fcklenir ?<\/a><ul class='ez-toc-list-level-3' ><li class='ez-toc-heading-level-3'><a class=\"ez-toc-link ez-toc-heading-2\" href=\"https:\/\/www.bepopi.com\/blog\/instagrami-bilgisayardan-kullanirken-fotograf-nasil-yuklenir\/#Bilgisayardan_Instagrama_Fotograf_ve_Video_Yukleme\" title=\"Bilgisayardan Instagram&#8217;a Foto\u011fraf ve Video Y\u00fckleme\">Bilgisayardan Instagram&#8217;a Foto\u011fraf ve Video Y\u00fckleme<\/a><ul class='ez-toc-list-level-4' ><li class='ez-toc-heading-level-4'><a class=\"ez-toc-link ez-toc-heading-3\" href=\"https:\/\/www.bepopi.com\/blog\/instagrami-bilgisayardan-kullanirken-fotograf-nasil-yuklenir\/#1_Gramblr\" title=\"#1 Gramblr\">#1 Gramblr<\/a><\/li><\/ul><\/li><li class='ez-toc-page-1 ez-toc-heading-level-3'><a class=\"ez-toc-link ez-toc-heading-4\" href=\"https:\/\/www.bepopi.com\/blog\/instagrami-bilgisayardan-kullanirken-fotograf-nasil-yuklenir\/#2_Later\" title=\"#2 Later\">#2 Later<\/a><\/li><\/ul><\/li><\/ul><\/nav><\/div>\n<h2><span class=\"ez-toc-section\" id=\"Dunyaca_Unlu_Uygulama_Instagrama_Bilgisayardan_Nasil_Fotograf_Yuklenir\"><\/span>D\u00fcnyaca \u00dcnl\u00fc Uygulama\u00a0Instagram&#8217;a Bilgisayardan Nas\u0131l Foto\u011fraf Y\u00fcklenir ?<span class=\"ez-toc-section-end\"><\/span><\/h2>\n<p>Sosyal medya uygulamalar\u0131n\u0131n bir \u00e7o\u011fu mobil telefonlar\u0131n yan\u0131 s\u0131ra bir de bilgisayar ve tabletler gibi di\u011fer teknolojik ve elektronik aletler ile kullan\u0131l\u0131yor. Ancak\u00a0Instagram&#8217;a Bilgisayardan Nas\u0131l Foto\u011fraf Y\u00fcklenir gibi sorular\u0131n sorulmas\u0131na neden olan baz\u0131 sosyal medya uygulamalar\u0131 da var.<\/p>\n<p><strong>Instagram&#8217;a bilgisayardan nas\u0131l foto\u011fraf y\u00fcklenir<\/strong> sorusunun cevab\u0131 \u00e7ok kolay ancak insanlar neden bu uygulamay\u0131 bilgisayarlar\u0131ndan kullanmak istiyor onu bilemiyoruz. G\u00fcn\u00fcm\u00fczde art\u0131k yediden yetmi\u015fe herkesin bir ak\u0131ll\u0131 telefonu var bu nedenle Instagram uygulamas\u0131 istenilen her yerde ve her anda telefonlardan kullan\u0131labiliyor.<\/p>\n<p>Belkide bu sorunun cevab\u0131, profesyoneller ve markalar taraf\u0131ndan daha kolay cevaplanabilir. \u00c7\u00fcnk\u00fc genellikle sosyal medya uzmanlar\u0131 ve marka y\u00f6neticileri Instagram ve benzeri mobil uygulamalar\u0131 bilgisayarlar\u0131ndan kontrol etmek istiyor olabilirler.<\/p>\n<p><img decoding=\"async\" class=\"alignright wp-image-4329 size-medium\" src=\"https:\/\/bepopi.com\/blog\/wp-content\/uploads\/2018\/02\/instagram-begeni-hilesi-300x175.png\" alt=\"instagram bilgisayardan foto\u011fraf y\u00fcklemek\" width=\"300\" height=\"175\" \/><\/p>\n<p>Instagram d\u00fcnyan\u0131n belkide y\u0131llard\u0131r eksikli\u011fini ya\u015fad\u0131\u011f\u0131 bir sosyal medya uygulamas\u0131yd\u0131. Bunu s\u00f6yleyebilmemizin sebebi uygulaman\u0131n \u00e7ok k\u0131sa s\u00fcrede yakla\u015f\u0131k 800 milyon kullan\u0131c\u0131 say\u0131s\u0131na ula\u015fm\u0131\u015f olmas\u0131. Bu nedenle insanlar bu uygulamay\u0131 telefonlar\u0131n\u0131n d\u0131\u015f\u0131nda di\u011fer elektronik cihazlar\u0131nda da kullanmak istiyorlar.\u00a0<strong>Instagram&#8217;a bilgisayardan nas\u0131l foto\u011fraf y\u00fcklenir<\/strong> sorusu da bu ihtiya\u00e7tan dolay\u0131 ortaya \u00e7\u0131k\u0131yor.<\/p>\n<h3><span class=\"ez-toc-section\" id=\"Bilgisayardan_Instagrama_Fotograf_ve_Video_Yukleme\"><\/span>Bilgisayardan Instagram&#8217;a Foto\u011fraf ve Video Y\u00fckleme<span class=\"ez-toc-section-end\"><\/span><\/h3>\n<p>\u00d6nceden de belirtti\u011fimiz gibi Instagram&#8217;a mobil olmayan cihazlardan foto\u011fraf ve video y\u00fcklemek biraz me\u015fakkatli bir yol. Ancak bu konuda profesyonellere ve di\u011fer kullan\u0131c\u0131lara yard\u0131mc\u0131 olabilecek programlar mevcut. Bu yaz\u0131m\u0131zda sizlere bu programlardan en \u00e7ok tercih edilenlerini tan\u0131taca\u011f\u0131z. \u0130\u00e7lerinden birinin de nas\u0131l kullan\u0131ld\u0131\u011f\u0131n\u0131 a\u00e7\u0131klamal\u0131 olarak anlataca\u011f\u0131z.<\/p>\n<h4><span class=\"ez-toc-section\" id=\"1_Gramblr\"><\/span>#1 Gramblr<span class=\"ez-toc-section-end\"><\/span><\/h4>\n<p>Bu uygulama bu alanda en \u00e7ok tercih edilen ve kullan\u0131m\u0131 \u00e7ok basit olan bir uygulamad\u0131r. Y\u0131llar \u00f6nce \u00e7e\u015fitli em\u00fclat\u00f6r yani mobil uygulamalar\u0131 telefon arac\u0131l\u0131\u011f\u0131yla bilgisayar ekran\u0131na yans\u0131tan ara\u00e7lar kullan\u0131l\u0131rd\u0131. Bu uygulama y\u0131llar \u00f6nce bu em\u00fclat\u00f6rlerin yapt\u0131\u011f\u0131n\u0131 tek ba\u015f\u0131na kimseyi yormadan yapabiliyor.<\/p>\n<p>\u00d6ncelikle internetten Gramblr program\u0131n\u0131n y\u00fckleme dosyas\u0131n\u0131 indirmelisiniz ve bu dosyay\u0131 bilgisayar\u0131n\u0131za kurmal\u0131s\u0131n\u0131z. <strong>Windows<\/strong> ya da <strong>Mac<\/strong> i\u015fletim sistemleri i\u00e7in iki farkl\u0131 versiyonu bulunan uygulaman\u0131n kurulumu olduk\u00e7a basit. Bu y\u00fczden bu a\u015famay\u0131 anlatm\u0131yoruz.<\/p>\n<p>Gelelim program\u0131n kullan\u0131m\u0131na ve Instagram&#8217;da foto\u011fraflar\u0131n\u0131z\u0131 ve videolar\u0131n\u0131z\u0131 nas\u0131l bilgisayar\u0131n\u0131z \u00fczerinden payla\u015faca\u011f\u0131n\u0131za. <strong>Gramblr<\/strong> uygulamas\u0131n\u0131 y\u00fckledikten sonra uygulamay\u0131 a\u00e7\u0131n ve daha sonra uygulaman\u0131n beyaz bo\u015f alan\u0131na Instagram&#8217;da payla\u015fmak istedi\u011finiz <strong>foto\u011fraf ya da video i\u00e7eri\u011fini s\u00fcr\u00fckleyerek b\u0131rak\u0131n<\/strong>.<\/p>\n<p><img decoding=\"async\" class=\"alignnone wp-image-4372 size-full\" src=\"https:\/\/bepopi.com\/blog\/wp-content\/uploads\/2020\/05\/instagrama-bilgisayardan-nasil-fotograf-yuklenir.jpg\" alt=\"instagram'a-bilgisayardan-nasil-foto\u011fraf-y\u00fcklenir\" width=\"1000\" height=\"727\" \/><\/p>\n<p>Ard\u0131ndan a\u015fa\u011f\u0131daki gibi bir ekran ile kar\u015f\u0131la\u015facaks\u0131n\u0131z. Bu ekrandan payla\u015fmak istedi\u011finiz foto\u011fraf i\u00e7in sevdi\u011finiz ve foto\u011frafa da uyan bir<strong> filtre se\u00e7ebilirsiniz<\/strong> yahut filtre se\u00e7meden de i\u015fleminize devam edebilirsiniz. E\u011fer foto\u011fraf\u0131 k\u0131rpmak ya da daha farkl\u0131 efektler eklemek istiyorsan\u0131z\u00a0<strong>Gramblr<\/strong> program\u0131 bu konuda da sizlere yard\u0131mc\u0131 olabiliyor.<\/p>\n<p><img decoding=\"async\" class=\"size-full wp-image-4373 alignnone\" src=\"https:\/\/bepopi.com\/blog\/wp-content\/uploads\/2020\/05\/instagrama-bilgisayardan-nasil-fotograf-yuklenir-1.jpg\" alt=\"instagram'a-bilgisayardan-nasil-foto\u011fraf-y\u00fcklenir-1\" width=\"1000\" height=\"733\" \/><\/p>\n<p>Bu i\u015flemleri de hallettikten sonra <strong>Instagram<\/strong> g\u00f6nderiniz bilgisayar \u00fczerinden payla\u015f\u0131lmaya haz\u0131r durumda demektir. Bu noktadan sonra yapman\u0131z gerekenler, Instagram&#8217;da bilgisayar \u00fczerinden payla\u015faca\u011f\u0131n\u0131z foto\u011fraf\u0131n\u0131za g\u00fczel bir a\u00e7\u0131klama <strong>metni eklemek<\/strong> ve ard\u0131ndan foto\u011fraf\u0131n\u0131za daha fazla be\u011feni getirebilecek do\u011fru <strong>etiketleri eklemek<\/strong> yeterli olacakt\u0131r.<\/p>\n<p><img decoding=\"async\" class=\"size-full wp-image-4374 alignnone\" src=\"https:\/\/bepopi.com\/blog\/wp-content\/uploads\/2020\/05\/instagrama-bilgisayardan-nasil-fotograf-yuklenir-1.jpg\" alt=\"instagram'a-bilgisayardan-nasil-foto\u011fraf-y\u00fcklenir-2\" width=\"1000\" height=\"734\" \/><\/p>\n<p>Son olarak payla\u015f\u0131m yapmadan \u00f6nce <strong>Gramblr<\/strong> uygulamas\u0131n\u0131n bir ba\u015fka \u00f6zelli\u011finden daha bahsedelim. Bu uygulama ayn\u0131 zamanda Instagram g\u00f6nderilerinizi planlaman\u0131za da yard\u0131m etmektedir. Foto\u011fraflar\u0131n\u0131z\u0131 hangi saatte payla\u015fmak istiyorsan\u0131z <strong>Gramblr<\/strong> ile tarih ve saat se\u00e7erek, g\u00f6nderinizin se\u00e7ti\u011finiz saatte payla\u015f\u0131lmas\u0131n\u0131 sa\u011flayabilirsiniz.<\/p>\n<p>Uygulama <strong>Windows 7,8,10<\/strong> ve <strong>Mac<\/strong> i\u015fletim sistemlerinde sorunsuz olarak \u00e7al\u0131\u015fmaktad\u0131r. Uygulamay\u0131 indirmek i\u00e7in Gramblr&#8217;\u0131n internet sitesini ziyaret edebilirsiniz.<\/p>\n<h3><span class=\"ez-toc-section\" id=\"2_Later\"><\/span>#2 Later<span class=\"ez-toc-section-end\"><\/span><\/h3>\n<p><img decoding=\"async\" class=\"alignright wp-image-4375 size-medium\" src=\"https:\/\/bepopi.com\/blog\/wp-content\/uploads\/2018\/02\/later-web-300x135.png\" alt=\"later-web\" width=\"300\" height=\"135\" \/><\/p>\n<p><strong>Later<\/strong> da ayn\u0131 <strong>Gramblr<\/strong> gibi web \u00fczerinden ve bilgisayar\u0131n\u0131z arac\u0131l\u0131\u011f\u0131 ile Instagram hesab\u0131n\u0131zdan foto\u011fraf payla\u015fman\u0131z\u0131 sa\u011flamaktad\u0131r. Ayr\u0131ca bu uygulamada da g\u00f6nderilerinizi planlayabilir hatta 30 g\u00f6nderiye kadar bu i\u015flemi ger\u00e7ekle\u015ftirebilirsiniz.<\/p>\n<p>Ancak <strong>Later<\/strong> uygulamas\u0131n\u0131n daha fazla se\u00e7ene\u011fini ve arac\u0131n\u0131 kullanmak isterseniz, \u00fcyeli\u011fini ayda <strong>9 dolar<\/strong> kar\u015f\u0131l\u0131\u011f\u0131nda<strong> plus<\/strong> \u00fcyeli\u011fe y\u00fckseltmeniz gerekmektedir.<\/p>\n<p>Uygulaman\u0131n bedava ve \u00fccretli iki s\u00fcr\u00fcm\u00fcne de internet sitesinden ula\u015fmak m\u00fcmk\u00fcn.<\/p>\n<p><iframe src=\"https:\/\/www.youtube.com\/embed\/hnUhHKFhDKQ\" width=\"854\" height=\"480\" frameborder=\"0\" allowfullscreen=\"allowfullscreen\" data-mce-fragment=\"1\"><\/iframe><\/p>\n<div style='text-align:left' class='yasr-auto-insert-visitor'><\/div>","protected":false},"excerpt":{"rendered":"<p>Instagram gibi dev bir sosyal a\u011f\u0131n masa\u00fcst\u00fc deste\u011fini almas\u0131 ge\u00e7ti\u011fimiz aylarda ger\u00e7ekle\u015fti. Genellikle mobil cihazlar \u00fczerinden Android ve iOS i\u015fletim sistemiyle entegre \u00e7al\u0131\u015fan sistem Windows cihazlar \u00fczerinden eri\u015fim sa\u011flanarak kullan\u0131lmaya ba\u015fland\u0131. Peki bu kullan\u0131m aktif olarak kullan\u0131c\u0131lara al\u0131\u015ft\u0131klar\u0131 Instagram deneyimini ya\u015fat\u0131yor mu? Bu soruya net olarak olumlu cevap verebilmek imk\u00e2ns\u0131z. Keza \u015fuan Instagram masa\u00fcst\u00fc uygulamas\u0131nda foto\u011fraf y\u00fcklemenin m\u00fcmk\u00fcn olmad\u0131\u011f\u0131 ortada. Ancak hi\u00e7bir \u015fey imk\u00e2ns\u0131z olmad\u0131\u011f\u0131 gibi bunu da a\u015fabilmenin baz\u0131 yollar\u0131 var. Windows i\u015fletim sistemine sahip dokunmatik y\u00fczeye sahip tabletler ile Instagram \u00fczerinde istedi\u011finiz t\u00fcm i\u00e7eriklere eri\u015fim sa\u011flayabiliyorsunuz. Bilgisayardan ise yaln\u0131zca ak\u0131\u015f ve ke\u015ffet gibi g\u00f6r\u00fcnt\u00fcleme k\u0131s\u0131mlar\u0131n\u0131 kullanabiliyor, payla\u015f\u0131mlarda bulunabiliyorsunuz. Yeni bir foto\u011fraf eklemek istedi\u011finizde ise buna olanak verilmiyor. En [&hellip;]<\/p>\n","protected":false},"author":1,"featured_media":11808,"comment_status":"open","ping_status":"open","sticky":false,"template":"","format":"standard","meta":{"rank_math_lock_modified_date":false,"yasr_overall_rating":0,"yasr_post_is_review":"","yasr_auto_insert_disabled":"","yasr_review_type":"","footnotes":""},"categories":[1],"tags":[],"class_list":["post-3750","post","type-post","status-publish","format-standard","has-post-thumbnail","hentry","category-sosyal-medya","entry"],"yasr_visitor_votes":{"stars_attributes":{"read_only":false,"span_bottom":false},"number_of_votes":2,"sum_votes":10},"_links":{"self":[{"href":"https:\/\/www.bepopi.com\/blog\/wp-json\/wp\/v2\/posts\/3750","targetHints":{"allow":["GET"]}}],"collection":[{"href":"https:\/\/www.bepopi.com\/blog\/wp-json\/wp\/v2\/posts"}],"about":[{"href":"https:\/\/www.bepopi.com\/blog\/wp-json\/wp\/v2\/types\/post"}],"author":[{"embeddable":true,"href":"https:\/\/www.bepopi.com\/blog\/wp-json\/wp\/v2\/users\/1"}],"replies":[{"embeddable":true,"href":"https:\/\/www.bepopi.com\/blog\/wp-json\/wp\/v2\/comments?post=3750"}],"version-history":[{"count":1,"href":"https:\/\/www.bepopi.com\/blog\/wp-json\/wp\/v2\/posts\/3750\/revisions"}],"predecessor-version":[{"id":14792,"href":"https:\/\/www.bepopi.com\/blog\/wp-json\/wp\/v2\/posts\/3750\/revisions\/14792"}],"wp:featuredmedia":[{"embeddable":true,"href":"https:\/\/www.bepopi.com\/blog\/wp-json\/wp\/v2\/media\/11808"}],"wp:attachment":[{"href":"https:\/\/www.bepopi.com\/blog\/wp-json\/wp\/v2\/media?parent=3750"}],"wp:term":[{"taxonomy":"category","embeddable":true,"href":"https:\/\/www.bepopi.com\/blog\/wp-json\/wp\/v2\/categories?post=3750"},{"taxonomy":"post_tag","embeddable":true,"href":"https:\/\/www.bepopi.com\/blog\/wp-json\/wp\/v2\/tags?post=3750"}],"curies":[{"name":"wp","href":"https:\/\/api.w.org\/{rel}","templated":true}]}}