{"id":5165,"date":"2018-04-30T22:59:12","date_gmt":"2018-04-30T19:59:12","guid":{"rendered":"https:\/\/bepopi.com\/blog\/?p=5165"},"modified":"2020-10-19T13:19:35","modified_gmt":"2020-10-19T10:19:35","slug":"instagram-slow-mo-nedir-nasil-kullanilacak","status":"publish","type":"post","link":"https:\/\/www.bepopi.com\/blog\/instagram-slow-mo-nedir-nasil-kullanilacak","title":{"rendered":"Instagram Slow-Mo Nedir? Nas\u0131l Kullan\u0131lacak?"},"content":{"rendered":"<p>Ge\u00e7ti\u011fimiz hafta i\u00e7erisinde Instagram uygulamas\u0131 i\u00e7in bir dizi yenili\u011fin yolda oldu\u011fu belirtilmi\u015fti. Bu \u00f6zellikler uygulaman\u0131n kullan\u0131m\u0131n\u0131 zenginle\u015ftirecek yenilikler olarak ortaya \u00e7\u0131kt\u0131. Hikayeler sisteminde, genel payla\u015f\u0131m sayfas\u0131nda, hikayeler d\u00fczeninde k\u0131sacas\u0131 payla\u015f\u0131m i\u00e7in kullan\u0131lan alanlarda olduk\u00e7a \u00f6nemli yenilikleri g\u00f6rece\u011fiz. Bunlar aras\u0131nda en \u00e7ok dikkat \u00e7eken b\u00f6l\u00fcm ise <strong>Instagram Slow-Mo<\/strong> \u00f6zelli\u011fi oldu.<\/p>\n<p>Hikayeler takvim sistemi, payla\u015f\u0131mlara emoji ifadesiyle yorum, takip edilenlerin sessize alma gibi \u00f6zellikler daha \u00f6nce duydu\u011fumuz yenilikler olmu\u015ftu ancak Instagram Slow-Mo \u00f6zelli\u011fi alan\u0131nda ilk olacak yeniliklerden biri olarak kar\u015f\u0131m\u0131za \u00e7\u0131kt\u0131. Bu noktada kullan\u0131c\u0131lar\u0131n en \u00e7ok merak etti\u011fi ise s\u00f6z konusu \u00f6zelli\u011fin tam olarak ne oldu\u011fu ve nas\u0131l kullan\u0131laca\u011f\u0131? \u015eimdi \u00f6\u011frendi\u011fimiz detaylarla beraber sistemi anlatmaya \u00e7al\u0131\u015faca\u011f\u0131z.<\/p>\n<div id=\"ez-toc-container\" class=\"ez-toc-v2_0_69_1 counter-hierarchy ez-toc-counter ez-toc-grey ez-toc-container-direction\">\n<p class=\"ez-toc-title\" style=\"cursor:inherit\">\u0130\u00e7indekiler<\/p>\n<label for=\"ez-toc-cssicon-toggle-item-69f4adc773bb0\" class=\"ez-toc-cssicon-toggle-label\"><span class=\"\"><span class=\"eztoc-hide\" style=\"display:none;\">Toggle<\/span><span class=\"ez-toc-icon-toggle-span\"><svg style=\"fill: #999;color:#999\" xmlns=\"http:\/\/www.w3.org\/2000\/svg\" class=\"list-377408\" width=\"20px\" height=\"20px\" viewBox=\"0 0 24 24\" fill=\"none\"><path d=\"M6 6H4v2h2V6zm14 0H8v2h12V6zM4 11h2v2H4v-2zm16 0H8v2h12v-2zM4 16h2v2H4v-2zm16 0H8v2h12v-2z\" fill=\"currentColor\"><\/path><\/svg><svg style=\"fill: #999;color:#999\" class=\"arrow-unsorted-368013\" xmlns=\"http:\/\/www.w3.org\/2000\/svg\" width=\"10px\" height=\"10px\" viewBox=\"0 0 24 24\" version=\"1.2\" baseProfile=\"tiny\"><path d=\"M18.2 9.3l-6.2-6.3-6.2 6.3c-.2.2-.3.4-.3.7s.1.5.3.7c.2.2.4.3.7.3h11c.3 0 .5-.1.7-.3.2-.2.3-.5.3-.7s-.1-.5-.3-.7zM5.8 14.7l6.2 6.3 6.2-6.3c.2-.2.3-.5.3-.7s-.1-.5-.3-.7c-.2-.2-.4-.3-.7-.3h-11c-.3 0-.5.1-.7.3-.2.2-.3.5-.3.7s.1.5.3.7z\"\/><\/svg><\/span><\/span><\/label><input type=\"checkbox\"  id=\"ez-toc-cssicon-toggle-item-69f4adc773bb0\"  aria-label=\"Toggle\" \/><nav><ul class='ez-toc-list ez-toc-list-level-1 ' ><li class='ez-toc-page-1 ez-toc-heading-level-2'><a class=\"ez-toc-link ez-toc-heading-1\" href=\"https:\/\/www.bepopi.com\/blog\/instagram-slow-mo-nedir-nasil-kullanilacak\/#Instagram_Slow-Mo_Nedir\" title=\"Instagram Slow-Mo Nedir?\">Instagram Slow-Mo Nedir?<\/a><\/li><li class='ez-toc-page-1 ez-toc-heading-level-2'><a class=\"ez-toc-link ez-toc-heading-2\" href=\"https:\/\/www.bepopi.com\/blog\/instagram-slow-mo-nedir-nasil-kullanilacak\/#Instagram_Slow-Mo_Sinirlari_Olacak_Mi\" title=\"Instagram Slow-Mo S\u0131n\u0131rlar\u0131 Olacak M\u0131?\">Instagram Slow-Mo S\u0131n\u0131rlar\u0131 Olacak M\u0131?<\/a><\/li><li class='ez-toc-page-1 ez-toc-heading-level-2'><a class=\"ez-toc-link ez-toc-heading-3\" href=\"https:\/\/www.bepopi.com\/blog\/instagram-slow-mo-nedir-nasil-kullanilacak\/#Instagram_Slow-Mo_Nasil_Kullanilacak\" title=\"Instagram Slow-Mo Nas\u0131l Kullan\u0131lacak?\">Instagram Slow-Mo Nas\u0131l Kullan\u0131lacak?<\/a><\/li><li class='ez-toc-page-1 ez-toc-heading-level-2'><a class=\"ez-toc-link ez-toc-heading-4\" href=\"https:\/\/www.bepopi.com\/blog\/instagram-slow-mo-nedir-nasil-kullanilacak\/#Instagram_Slow-Mo_Ne_Zaman_Cikacak\" title=\"Instagram Slow-Mo Ne Zaman \u00c7\u0131kacak?\">Instagram Slow-Mo Ne Zaman \u00c7\u0131kacak?<\/a><\/li><\/ul><\/nav><\/div>\n<h2><span class=\"ez-toc-section\" id=\"Instagram_Slow-Mo_Nedir\"><\/span>Instagram Slow-Mo Nedir?<span class=\"ez-toc-section-end\"><\/span><\/h2>\n<p>\u00d6ncelikle <strong>Instagram Slow-Mo<\/strong> \u00f6zelli\u011finin ne oldu\u011fundan s\u00f6z etmemiz gerekiyor. Bu \u00f6zellik, ak\u0131ll\u0131 telefonlar\u0131n kameras\u0131nda g\u00f6rmeye ba\u015flad\u0131\u011f\u0131m\u0131z yava\u015f \u00e7ekim \u00f6zelli\u011fi olacak. Art\u0131k bir\u00e7ok amiral gemisi ak\u0131ll\u0131 telefon modelinde a\u011f\u0131t \u00e7ekim modu olarak bildi\u011fimiz <strong>Slow-Mo modu<\/strong> bulunuyor. Yava\u015f \u00e7ekim modu olarak g\u00f6sterebilece\u011fimiz bu modla beraber, ak\u0131ll\u0131 telefonlar\u0131n kameras\u0131 g\u00f6r\u00fcnt\u00fcy\u00fc \u00e7ok h\u0131zl\u0131 bir \u015fekilde kay\u0131t ediyor.<\/p>\n<p>Bu \u00f6zelli\u011fi destekleyen telefonlarda, g\u00f6r\u00fcnt\u00fc \u00e7ok h\u0131zl\u0131 \u00e7ekiliyor ve normal oynat\u0131m yapt\u0131\u011f\u0131n\u0131zda g\u00f6r\u00fcnt\u00fc, yava\u015f \u00e7ekim olarak g\u00f6steriliyor. Bu k\u0131s\u0131mda FPS de\u011ferinin ne kadar y\u00fcksek olmas\u0131 \u00f6nemli bir kriter. Sony ve Samsung\u2019un son amiral gemisi modellerinde 960 FPS gibi h\u0131zlarla \u00e7ekim yapabilen kameralar kullan\u0131ld\u0131\u011f\u0131n\u0131 da ekleyelim.<\/p>\n<p><img decoding=\"async\" class=\"size-full wp-image-5166 aligncenter\" src=\"https:\/\/bepopi.com\/blog\/wp-content\/uploads\/2018\/04\/Instagram-Slow-Mo.jpg\" alt=\"Instagram Slow-Mo\" width=\"512\" height=\"512\" \/><\/p>\n<p>Konumuza geri d\u00f6necek olursak, <strong>Instagram Slow-Mo<\/strong> sistemi tam olarak bu i\u015flemi yerine getirecek. Her ne kadar ak\u0131ll\u0131 telefonlarda, yeni nesil modellerde kameralar\u0131n bu \u00f6zelli\u011fe sahip oldu\u011funu belirtsek de orta s\u0131n\u0131f ak\u0131ll\u0131 telefonlarda ve bir iki nesil eski modellerde bu \u00f6zelli\u011fi g\u00f6rmek m\u00fcmk\u00fcn de\u011fil. \u0130\u015fte Instagram, yaz\u0131l\u0131msal olarak yapaca\u011f\u0131 de\u011fi\u015fikliklerle beraber herkesin a\u011f\u0131r \u00e7ekim ayr\u0131cal\u0131\u011f\u0131n\u0131 elde etmesini sa\u011flayacak. Daha \u00f6nce telefon desteklemese bile Focus modu olarak gelen portre \u00f6zelli\u011fini g\u00f6rm\u00fc\u015ft\u00fck. \u0130\u015fte benzer bir durum <strong>Instagram Slow-Mo<\/strong> \u00f6zelli\u011finde de ya\u015fanacak. Sadece yaz\u0131l\u0131msal ad\u0131mlarla Instagram uygulamas\u0131 i\u00e7erisinden a\u011f\u0131r \u00e7ekim videolar olu\u015fturabilecek, bu videolar\u0131 payla\u015fabileceksiniz.<\/p>\n<h2><span class=\"ez-toc-section\" id=\"Instagram_Slow-Mo_Sinirlari_Olacak_Mi\"><\/span>Instagram Slow-Mo S\u0131n\u0131rlar\u0131 Olacak M\u0131?<span class=\"ez-toc-section-end\"><\/span><\/h2>\n<p>\u00d6zellik \u015fu an i\u00e7in resmi bir \u015fekilde duyurulmad\u0131. Bu nedenle s\u0131n\u0131rlar\u0131 kesin olarak bilmek zor ancak uygulaman\u0131n <strong>240 FPS<\/strong> h\u0131za kadar destek verece\u011fi bilgisi var. Bunun d\u0131\u015f\u0131nda bir s\u0131n\u0131rlama i\u00e7in ise kesin bir bilgi elde etmek m\u00fcmk\u00fcn olmad\u0131.<\/p>\n<p><img decoding=\"async\" class=\"size-full wp-image-5167 aligncenter\" src=\"https:\/\/bepopi.com\/blog\/wp-content\/uploads\/2018\/04\/Instagram-Slow-Mo-1.jpg\" alt=\"Instagram Slow-Mo\" width=\"454\" height=\"265\" \/><\/p>\n<h2><span class=\"ez-toc-section\" id=\"Instagram_Slow-Mo_Nasil_Kullanilacak\"><\/span>Instagram Slow-Mo Nas\u0131l Kullan\u0131lacak?<span class=\"ez-toc-section-end\"><\/span><\/h2>\n<p>S\u00f6z konusu \u00f6zellik yine hikayeler b\u00f6l\u00fcm\u00fc \u00fczerinden kullan\u0131lacak. T\u0131pk\u0131 Focus \u00f6zelli\u011fi gibi \u00e7ekim s\u0131ras\u0131nda alt k\u0131s\u0131mda se\u00e7ece\u011finiz modlar \u00fczerinden <strong>Instagram Slow-Mo<\/strong> modunu se\u00e7meniz yeterli olacak. Bunun d\u0131\u015f\u0131nda yap\u0131lacak pek bir \u015fey yok gibi duruyor. Yine de resmi olarak g\u00fcncellemenin duyurulmas\u0131 gerekiyor.<\/p>\n<p><img decoding=\"async\" class=\"size-full wp-image-5168 aligncenter\" src=\"https:\/\/bepopi.com\/blog\/wp-content\/uploads\/2018\/04\/Instagram-Slow-Mo.jpeg\" alt=\"Instagram Slow-Mo\" width=\"590\" height=\"332\" \/><\/p>\n<h2><span class=\"ez-toc-section\" id=\"Instagram_Slow-Mo_Ne_Zaman_Cikacak\"><\/span>Instagram Slow-Mo Ne Zaman \u00c7\u0131kacak?<span class=\"ez-toc-section-end\"><\/span><\/h2>\n<p>Ne yaz\u0131k ki bunun i\u00e7inde kesin bir tarih vermek m\u00fcmk\u00fcn de\u011fil. Yine denemelerin devam edece\u011fi ve 4 yeni \u00f6zellik olarak b\u00fcy\u00fck bir g\u00fcncellemenin yaz aylar\u0131 i\u00e7erisinde yay\u0131nlanmas\u0131 bekleniyor.<\/p>\n<div style='text-align:left' class='yasr-auto-insert-visitor'><\/div>","protected":false},"excerpt":{"rendered":"<p>Ge\u00e7ti\u011fimiz hafta i\u00e7erisinde Instagram uygulamas\u0131 i\u00e7in bir dizi yenili\u011fin yolda oldu\u011fu belirtilmi\u015fti. Bu \u00f6zellikler uygulaman\u0131n kullan\u0131m\u0131n\u0131 zenginle\u015ftirecek yenilikler olarak ortaya \u00e7\u0131kt\u0131. Hikayeler sisteminde, genel payla\u015f\u0131m sayfas\u0131nda, hikayeler d\u00fczeninde k\u0131sacas\u0131 payla\u015f\u0131m i\u00e7in kullan\u0131lan alanlarda olduk\u00e7a \u00f6nemli yenilikleri g\u00f6rece\u011fiz. Bunlar aras\u0131nda en \u00e7ok dikkat \u00e7eken b\u00f6l\u00fcm ise Instagram Slow-Mo \u00f6zelli\u011fi oldu. Hikayeler takvim sistemi, payla\u015f\u0131mlara emoji ifadesiyle yorum, takip edilenlerin sessize alma gibi \u00f6zellikler daha \u00f6nce duydu\u011fumuz yenilikler olmu\u015ftu ancak Instagram Slow-Mo \u00f6zelli\u011fi alan\u0131nda ilk olacak yeniliklerden biri olarak kar\u015f\u0131m\u0131za \u00e7\u0131kt\u0131. Bu noktada kullan\u0131c\u0131lar\u0131n en \u00e7ok merak etti\u011fi ise s\u00f6z konusu \u00f6zelli\u011fin tam olarak ne oldu\u011fu ve nas\u0131l kullan\u0131laca\u011f\u0131? \u015eimdi \u00f6\u011frendi\u011fimiz detaylarla beraber sistemi anlatmaya \u00e7al\u0131\u015faca\u011f\u0131z. Instagram Slow-Mo Nedir? \u00d6ncelikle Instagram Slow-Mo [&hellip;]<\/p>\n","protected":false},"author":1,"featured_media":5169,"comment_status":"open","ping_status":"open","sticky":false,"template":"","format":"standard","meta":{"rank_math_lock_modified_date":false,"yasr_overall_rating":0,"yasr_post_is_review":"","yasr_auto_insert_disabled":"","yasr_review_type":"","footnotes":""},"categories":[1],"tags":[],"class_list":["post-5165","post","type-post","status-publish","format-standard","has-post-thumbnail","hentry","category-sosyal-medya","entry"],"yasr_visitor_votes":{"stars_attributes":{"read_only":false,"span_bottom":false},"number_of_votes":2,"sum_votes":10},"_links":{"self":[{"href":"https:\/\/www.bepopi.com\/blog\/wp-json\/wp\/v2\/posts\/5165","targetHints":{"allow":["GET"]}}],"collection":[{"href":"https:\/\/www.bepopi.com\/blog\/wp-json\/wp\/v2\/posts"}],"about":[{"href":"https:\/\/www.bepopi.com\/blog\/wp-json\/wp\/v2\/types\/post"}],"author":[{"embeddable":true,"href":"https:\/\/www.bepopi.com\/blog\/wp-json\/wp\/v2\/users\/1"}],"replies":[{"embeddable":true,"href":"https:\/\/www.bepopi.com\/blog\/wp-json\/wp\/v2\/comments?post=5165"}],"version-history":[{"count":1,"href":"https:\/\/www.bepopi.com\/blog\/wp-json\/wp\/v2\/posts\/5165\/revisions"}],"predecessor-version":[{"id":14753,"href":"https:\/\/www.bepopi.com\/blog\/wp-json\/wp\/v2\/posts\/5165\/revisions\/14753"}],"wp:featuredmedia":[{"embeddable":true,"href":"https:\/\/www.bepopi.com\/blog\/wp-json\/wp\/v2\/media\/5169"}],"wp:attachment":[{"href":"https:\/\/www.bepopi.com\/blog\/wp-json\/wp\/v2\/media?parent=5165"}],"wp:term":[{"taxonomy":"category","embeddable":true,"href":"https:\/\/www.bepopi.com\/blog\/wp-json\/wp\/v2\/categories?post=5165"},{"taxonomy":"post_tag","embeddable":true,"href":"https:\/\/www.bepopi.com\/blog\/wp-json\/wp\/v2\/tags?post=5165"}],"curies":[{"name":"wp","href":"https:\/\/api.w.org\/{rel}","templated":true}]}}