{"id":5419,"date":"2018-06-08T14:52:31","date_gmt":"2018-06-08T11:52:31","guid":{"rendered":"https:\/\/bepopi.com\/blog\/?p=5419"},"modified":"2020-10-19T12:51:18","modified_gmt":"2020-10-19T09:51:18","slug":"instagram-gecici-hesap-kapatma-cezasi-verilir","status":"publish","type":"post","link":"https:\/\/www.bepopi.com\/blog\/instagram-gecici-hesap-kapatma-cezasi-verilir","title":{"rendered":"Instagram Ge\u00e7ici Hesap Kapatma Cezas\u0131 Neden Verilir?"},"content":{"rendered":"<div id=\"ez-toc-container\" class=\"ez-toc-v2_0_69_1 counter-hierarchy ez-toc-counter ez-toc-grey ez-toc-container-direction\">\n<p class=\"ez-toc-title\" style=\"cursor:inherit\">\u0130\u00e7indekiler<\/p>\n<label for=\"ez-toc-cssicon-toggle-item-69f300d9586a0\" class=\"ez-toc-cssicon-toggle-label\"><span class=\"\"><span class=\"eztoc-hide\" style=\"display:none;\">Toggle<\/span><span class=\"ez-toc-icon-toggle-span\"><svg style=\"fill: #999;color:#999\" xmlns=\"http:\/\/www.w3.org\/2000\/svg\" class=\"list-377408\" width=\"20px\" height=\"20px\" viewBox=\"0 0 24 24\" fill=\"none\"><path d=\"M6 6H4v2h2V6zm14 0H8v2h12V6zM4 11h2v2H4v-2zm16 0H8v2h12v-2zM4 16h2v2H4v-2zm16 0H8v2h12v-2z\" fill=\"currentColor\"><\/path><\/svg><svg style=\"fill: #999;color:#999\" class=\"arrow-unsorted-368013\" xmlns=\"http:\/\/www.w3.org\/2000\/svg\" width=\"10px\" height=\"10px\" viewBox=\"0 0 24 24\" version=\"1.2\" baseProfile=\"tiny\"><path d=\"M18.2 9.3l-6.2-6.3-6.2 6.3c-.2.2-.3.4-.3.7s.1.5.3.7c.2.2.4.3.7.3h11c.3 0 .5-.1.7-.3.2-.2.3-.5.3-.7s-.1-.5-.3-.7zM5.8 14.7l6.2 6.3 6.2-6.3c.2-.2.3-.5.3-.7s-.1-.5-.3-.7c-.2-.2-.4-.3-.7-.3h-11c-.3 0-.5.1-.7.3-.2.2-.3.5-.3.7s.1.5.3.7z\"\/><\/svg><\/span><\/span><\/label><input type=\"checkbox\"  id=\"ez-toc-cssicon-toggle-item-69f300d9586a0\"  aria-label=\"Toggle\" \/><nav><ul class='ez-toc-list ez-toc-list-level-1 ' ><li class='ez-toc-page-1 ez-toc-heading-level-2'><a class=\"ez-toc-link ez-toc-heading-1\" href=\"https:\/\/www.bepopi.com\/blog\/instagram-gecici-hesap-kapatma-cezasi-verilir\/#Instagramin_Kullanimi\" title=\"Instagram\u2019\u0131n Kullan\u0131m\u0131\">Instagram\u2019\u0131n Kullan\u0131m\u0131<\/a><\/li><li class='ez-toc-page-1 ez-toc-heading-level-2'><a class=\"ez-toc-link ez-toc-heading-2\" href=\"https:\/\/www.bepopi.com\/blog\/instagram-gecici-hesap-kapatma-cezasi-verilir\/#Instagram_Kullaniminda_Cikabilecek_Sorunlar\" title=\"Instagram Kullan\u0131m\u0131nda \u00c7\u0131kabilecek Sorunlar\">Instagram Kullan\u0131m\u0131nda \u00c7\u0131kabilecek Sorunlar<\/a><\/li><\/ul><\/nav><\/div>\n<h2 style=\"text-align: justify;\"><span class=\"ez-toc-section\" id=\"Instagramin_Kullanimi\"><\/span><strong>Instagram\u2019\u0131n Kullan\u0131m\u0131<img decoding=\"async\" class=\"alignright wp-image-5420 size-medium\" src=\"https:\/\/bepopi.com\/blog\/wp-content\/uploads\/2018\/06\/Instagram-Gecici-Hesap-Kapatma-Cezasi-480x320.png\" alt=\"instagram ge\u00e7ici hesap kapatma\" width=\"480\" height=\"320\" \/><\/strong><span class=\"ez-toc-section-end\"><\/span><\/h2>\n<p style=\"text-align: justify;\"><strong>Instagram ge\u00e7ici hesap kapatma cezas\u0131<\/strong> kullan\u0131c\u0131lar\u0131n ba\u015fl\u0131 ba\u015f\u0131na s\u0131k\u0131nt\u0131 \u00e7ekti\u011fi bir konudur. \u00d6ncelikle Instagram\u2019dan bahsedelim. Sosyal medya program\u0131 Instagram herkesin de bildi\u011fi gibi pop\u00fcler bir g\u00f6rsel \u00f6ge payla\u015f\u0131m platformu. Ve Instagram her ge\u00e7en g\u00fcn daha da pop\u00fclerle\u015fmekte. Elbette Instagram\u2019\u0131 kullanan ki\u015filer artt\u0131k\u00e7a \u00e7ok daha farkl\u0131 problemler olu\u015fuyor Instagram da. Ayr\u0131ca her ge\u00e7en g\u00fcn de bu problemlere \u00e7\u00f6z\u00fcmler \u00fcretiliyor. Bu uygulama da \u00f6yle ki hem foto\u011fraf hem video payla\u015fabiliyoruz. Ve hepsi g\u00f6rsel \u00f6ge ile i\u00e7 i\u00e7e konular. \u0130nsanlar g\u00f6rsel \u00f6ge payla\u015fmay\u0131 \u00e7ok seviyorlar. \u00dcst\u00fcne \u00fcstl\u00fck bir de Instagram da g\u00f6rsel \u00f6ge payla\u015fmak \u00e7ok daha g\u00fczel bir hal ald\u0131. Instagram ara\u00e7lar\u0131 ile foto\u011fraflar\u0131n\u0131z\u0131 o kadar g\u00fczel d\u00fczenleyebiliyorsunuz ki foto\u011fraflar \u00e7ok daha farkl\u0131 g\u00f6z\u00fck\u00fcyor.<\/p>\n<h2 style=\"text-align: justify;\"><span class=\"ez-toc-section\" id=\"Instagram_Kullaniminda_Cikabilecek_Sorunlar\"><\/span><strong>Instagram Kullan\u0131m\u0131nda \u00c7\u0131kabilecek Sorunlar<\/strong><span class=\"ez-toc-section-end\"><\/span><\/h2>\n<p style=\"text-align: justify;\">Ayr\u0131ca Instagram ile foto\u011fraflar\u0131n\u0131z\u0131 sadece takip\u00e7ileriniz de\u011fil t\u00fcm d\u00fcnya g\u00f6rebiliyor hashtag kullan\u0131m\u0131 sayesinde bu da insanlar\u0131 daha h\u0131zl\u0131 pop\u00fcler ve \u00fcnl\u00fc olabilmelerini sa\u011fl\u0131yor. T\u00fcm bu ko\u015fullar\u0131n yan\u0131nda tabiki Instagram i\u00e7erisinde bir \u00e7ok problemle kar\u015f\u0131la\u015fabiliyoruz. Bunlar\u0131 s\u0131ralamak \u00e7ok uzun ve yorucu olabilir \u00e7\u00fcnk\u00fc Instagram da \u00e7ok fazla sorun olu\u015fuyor bunun ana nedeni de bir mobil uygulama olmas\u0131 ve i\u00e7in de \u00e7ok fazla \u00f6zellik olmas\u0131 bu da beraberinde bir \u00e7ok farkl\u0131 bug getiriyor. Bu <strong>Instagram ge\u00e7ici hesap kapatma cezas\u0131 <\/strong>sorunlar\u0131ndan biri de Instagram da hesab\u0131n\u0131z\u0131 dondurdu\u011funuz da geri a\u00e7amama sorunu. Bu sorun y\u00fcz\u00fcnden bir \u00e7ok ki\u015fi hesab\u0131n\u0131 geri a\u00e7am\u0131yor. Ve hesab\u0131n\u0131n tamamen kapat\u0131lm\u0131\u015f olmas\u0131ndan korkuyorlar. Sorun k\u0131sm\u0131nda \u00e7\u00fcnk\u00fc kullan\u0131c\u0131 ad\u0131 ve \u015fifre yanl\u0131\u015f uyar\u0131s\u0131 veriyor olmas\u0131 zaten ba\u015fl\u0131 ba\u015f\u0131na bir sorun te\u015fkil ediyor. Ve insanlar\u0131 tela\u015fland\u0131rmaya yetiyor. \u00d6zellikle s\u00f6z konusu bu durum bir \u00e7ok ki\u015fi de olmas\u0131ndan dolay\u0131 bir \u00e7ok kez Instagram\u2019a rapor edilmi\u015f sorunlar aras\u0131nda geliyor. Bu da <strong>Instagram ge\u00e7ici hesap kapatma cezas\u0131<\/strong> sorununu do\u011furuyor.<\/p>\n<p style=\"text-align: justify;\">Instagram ge\u00e7ici hesap kapatma cezas\u0131 neden verilir konusunda sizleri bilgilendirmeye \u00e7al\u0131\u015ft\u0131\u011f\u0131m\u0131z yaz\u0131m\u0131z\u0131n sonuna geldik. Konu hakk\u0131ndaki sorunlar\u0131n\u0131z\u0131 yorumlar k\u0131sm\u0131ndan bizlere iletebilirsiniz. Instagram\u2019\u0131n yeni \u00f6zelliklerinden haberdar olmak ve merak ettiklerinizi \u00f6\u011frenmek i\u00e7in sitemizi takipte kal\u0131n. Ayr\u0131ca <strong>Instagram takip\u00e7i sat\u0131n alma<\/strong> ve <strong>Instagram be\u011feni sat\u0131n alma<\/strong> konular\u0131nda yard\u0131ma ihtiyac\u0131n\u0131z varsa bizimle ileti\u015fime ge\u00e7ebilirsiniz.<\/p>\n<p style=\"text-align: center;\"><iframe src=\"https:\/\/www.youtube.com\/embed\/VUomPbRC95U\" width=\"560\" height=\"315\" frameborder=\"0\" allowfullscreen=\"allowfullscreen\"><\/iframe><\/p>\n<div style='text-align:left' class='yasr-auto-insert-visitor'><\/div>","protected":false},"excerpt":{"rendered":"<p>Instagram\u2019\u0131n Kullan\u0131m\u0131 Instagram ge\u00e7ici hesap kapatma cezas\u0131 kullan\u0131c\u0131lar\u0131n ba\u015fl\u0131 ba\u015f\u0131na s\u0131k\u0131nt\u0131 \u00e7ekti\u011fi bir konudur. \u00d6ncelikle Instagram\u2019dan bahsedelim. Sosyal medya program\u0131 Instagram herkesin de bildi\u011fi gibi pop\u00fcler bir g\u00f6rsel \u00f6ge payla\u015f\u0131m platformu. Ve Instagram her ge\u00e7en g\u00fcn daha da pop\u00fclerle\u015fmekte. Elbette Instagram\u2019\u0131 kullanan ki\u015filer artt\u0131k\u00e7a \u00e7ok daha farkl\u0131 problemler olu\u015fuyor Instagram da. Ayr\u0131ca her ge\u00e7en g\u00fcn de bu problemlere \u00e7\u00f6z\u00fcmler \u00fcretiliyor. Bu uygulama da \u00f6yle ki hem foto\u011fraf hem video payla\u015fabiliyoruz. Ve hepsi g\u00f6rsel \u00f6ge ile i\u00e7 i\u00e7e konular. \u0130nsanlar g\u00f6rsel \u00f6ge payla\u015fmay\u0131 \u00e7ok seviyorlar. \u00dcst\u00fcne \u00fcstl\u00fck bir de Instagram da g\u00f6rsel \u00f6ge payla\u015fmak \u00e7ok daha g\u00fczel bir hal ald\u0131. Instagram ara\u00e7lar\u0131 ile foto\u011fraflar\u0131n\u0131z\u0131 o kadar g\u00fczel d\u00fczenleyebiliyorsunuz ki foto\u011fraflar \u00e7ok [&hellip;]<\/p>\n","protected":false},"author":1,"featured_media":5421,"comment_status":"open","ping_status":"open","sticky":false,"template":"","format":"standard","meta":{"rank_math_lock_modified_date":false,"yasr_overall_rating":0,"yasr_post_is_review":"","yasr_auto_insert_disabled":"","yasr_review_type":"","footnotes":""},"categories":[1],"tags":[],"class_list":["post-5419","post","type-post","status-publish","format-standard","has-post-thumbnail","hentry","category-sosyal-medya","entry"],"yasr_visitor_votes":{"stars_attributes":{"read_only":false,"span_bottom":false},"number_of_votes":2,"sum_votes":10},"_links":{"self":[{"href":"https:\/\/www.bepopi.com\/blog\/wp-json\/wp\/v2\/posts\/5419","targetHints":{"allow":["GET"]}}],"collection":[{"href":"https:\/\/www.bepopi.com\/blog\/wp-json\/wp\/v2\/posts"}],"about":[{"href":"https:\/\/www.bepopi.com\/blog\/wp-json\/wp\/v2\/types\/post"}],"author":[{"embeddable":true,"href":"https:\/\/www.bepopi.com\/blog\/wp-json\/wp\/v2\/users\/1"}],"replies":[{"embeddable":true,"href":"https:\/\/www.bepopi.com\/blog\/wp-json\/wp\/v2\/comments?post=5419"}],"version-history":[{"count":2,"href":"https:\/\/www.bepopi.com\/blog\/wp-json\/wp\/v2\/posts\/5419\/revisions"}],"predecessor-version":[{"id":14690,"href":"https:\/\/www.bepopi.com\/blog\/wp-json\/wp\/v2\/posts\/5419\/revisions\/14690"}],"wp:featuredmedia":[{"embeddable":true,"href":"https:\/\/www.bepopi.com\/blog\/wp-json\/wp\/v2\/media\/5421"}],"wp:attachment":[{"href":"https:\/\/www.bepopi.com\/blog\/wp-json\/wp\/v2\/media?parent=5419"}],"wp:term":[{"taxonomy":"category","embeddable":true,"href":"https:\/\/www.bepopi.com\/blog\/wp-json\/wp\/v2\/categories?post=5419"},{"taxonomy":"post_tag","embeddable":true,"href":"https:\/\/www.bepopi.com\/blog\/wp-json\/wp\/v2\/tags?post=5419"}],"curies":[{"name":"wp","href":"https:\/\/api.w.org\/{rel}","templated":true}]}}