{"id":5477,"date":"2018-06-14T15:28:59","date_gmt":"2018-06-14T12:28:59","guid":{"rendered":"https:\/\/bepopi.com\/blog\/?p=5477"},"modified":"2020-10-19T13:11:55","modified_gmt":"2020-10-19T10:11:55","slug":"instagram-sifremi-unuttum","status":"publish","type":"post","link":"https:\/\/www.bepopi.com\/blog\/instagram-sifremi-unuttum","title":{"rendered":"Instagram \u015eifremi Unuttum 2020 \u00c7\u00f6z\u00fcm\u00fc"},"content":{"rendered":"<p style=\"text-align: justify;\">D\u00fcnya genelinde tan\u0131nan ve tercih edilen bir uygulama olan Instagram\u2019\u0131 kullan\u0131c\u0131lar g\u00fcnl\u00fck hayatta aktif \u015fekilde kullanmaktad\u0131r. Sosyal medya uygulamalar\u0131 olan Instagram, Facebook, Twitter\u2019a giri\u015f yapmak i\u00e7in \u015fifre gerekmekte, bireyler belirledikleri bir \u015fifreyle hesaplar\u0131na eri\u015febilmektedir. Ancak bazen ki\u015filer \u015fifrelerini unutmakta, b\u00f6yle zamanlarda da \u015fifre yenileme i\u015flemi g\u00fcndeme gelmektedir. <strong>Instagram \u015fifremi unuttum<\/strong> diyenler i\u00e7in bizde bu yaz\u0131m\u0131z\u0131 haz\u0131rlayarak sizlerle payla\u015fmak istedik.<\/p>\n<p style=\"text-align: justify;\">Foto\u011fraflar\u0131n\u0131z\u0131 payla\u015fmak ad\u0131na kulland\u0131\u011f\u0131n\u0131z Instagram \u015fifrenizi unuttuysan\u0131z bunun i\u00e7in endi\u015felenmenize gerek yok zira \u00e7\u00f6z\u00fcm\u00fc mevcuttur. Bilgisayar arac\u0131l\u0131\u011f\u0131yla instagram sayfas\u0131 a\u00e7\u0131ld\u0131\u011f\u0131nda ekranda kullan\u0131c\u0131 ad\u0131 ve \u015fifrenin yaz\u0131ld\u0131\u011f\u0131 bir b\u00f6l\u00fcm yer almaktad\u0131r. Bunun alt\u0131nda da \u201c\u015eifreni mi unuttun?\u201d sorusu bulunmaktad\u0131r. Bu soruya t\u0131kland\u0131\u011f\u0131 zaman kar\u015f\u0131m\u0131za \u015eifreyi Yenile sayfas\u0131 \u00e7\u0131kmaktad\u0131r. Instagram kullan\u0131c\u0131 ad\u0131 veya hesapla ili\u015fkili e-posta adresini kullanarak \u015fifre yenileme i\u015flemi i\u00e7in kutucuk doldurulduktan sonra \u015eifreyi Yenile \u015f\u0131kk\u0131na t\u0131klanabilir. Daha sonra e-mail adresine gelen mail \u00fczerinden ad\u0131mlar\u0131 takip ederek yeni \u015fifre belirlenebilir. <strong>Instagram \u015fifremi unuttum<\/strong> diyorsan\u0131z ve yeni bir \u015fifreniz olsun istiyorsan\u0131z gerekli i\u015flemleri yapabilirsiniz.<\/p>\n<p style=\"text-align: justify;\"><strong>Instagram \u015fifremi unuttum<\/strong> ve bu durumda ba\u015fka ne yapabilirim sorusunun bir cevab\u0131 da facebook ile giri\u015f yap se\u00e7ene\u011fini kullanmakt\u0131r. Bu \u015f\u0131kk\u0131 tercih etti\u011finiz zaman ekranda \u00e7\u0131kan Instagram hesab\u0131n\u0131za giri\u015f yapabilirsiniz.<\/p>\n<div id=\"ez-toc-container\" class=\"ez-toc-v2_0_69_1 counter-hierarchy ez-toc-counter ez-toc-grey ez-toc-container-direction\">\n<p class=\"ez-toc-title\" style=\"cursor:inherit\">\u0130\u00e7indekiler<\/p>\n<label for=\"ez-toc-cssicon-toggle-item-69f1dd0c2e16b\" class=\"ez-toc-cssicon-toggle-label\"><span class=\"\"><span class=\"eztoc-hide\" style=\"display:none;\">Toggle<\/span><span class=\"ez-toc-icon-toggle-span\"><svg style=\"fill: #999;color:#999\" xmlns=\"http:\/\/www.w3.org\/2000\/svg\" class=\"list-377408\" width=\"20px\" height=\"20px\" viewBox=\"0 0 24 24\" fill=\"none\"><path d=\"M6 6H4v2h2V6zm14 0H8v2h12V6zM4 11h2v2H4v-2zm16 0H8v2h12v-2zM4 16h2v2H4v-2zm16 0H8v2h12v-2z\" fill=\"currentColor\"><\/path><\/svg><svg style=\"fill: #999;color:#999\" class=\"arrow-unsorted-368013\" xmlns=\"http:\/\/www.w3.org\/2000\/svg\" width=\"10px\" height=\"10px\" viewBox=\"0 0 24 24\" version=\"1.2\" baseProfile=\"tiny\"><path d=\"M18.2 9.3l-6.2-6.3-6.2 6.3c-.2.2-.3.4-.3.7s.1.5.3.7c.2.2.4.3.7.3h11c.3 0 .5-.1.7-.3.2-.2.3-.5.3-.7s-.1-.5-.3-.7zM5.8 14.7l6.2 6.3 6.2-6.3c.2-.2.3-.5.3-.7s-.1-.5-.3-.7c-.2-.2-.4-.3-.7-.3h-11c-.3 0-.5.1-.7.3-.2.2-.3.5-.3.7s.1.5.3.7z\"\/><\/svg><\/span><\/span><\/label><input type=\"checkbox\"  id=\"ez-toc-cssicon-toggle-item-69f1dd0c2e16b\"  aria-label=\"Toggle\" \/><nav><ul class='ez-toc-list ez-toc-list-level-1 ' ><li class='ez-toc-page-1 ez-toc-heading-level-2'><a class=\"ez-toc-link ez-toc-heading-1\" href=\"https:\/\/www.bepopi.com\/blog\/instagram-sifremi-unuttum\/#Instagram_Hesabini_Facebook_Profiline_Baglama\" title=\"Instagram Hesab\u0131n\u0131 Facebook Profiline Ba\u011flama\">Instagram Hesab\u0131n\u0131 Facebook Profiline Ba\u011flama<\/a><\/li><li class='ez-toc-page-1 ez-toc-heading-level-2'><a class=\"ez-toc-link ez-toc-heading-2\" href=\"https:\/\/www.bepopi.com\/blog\/instagram-sifremi-unuttum\/#Instagramda_One_Cikan_Hikayelerime_Hikaye_Eklemek\" title=\"Instagram\u2019da \u00d6ne \u00c7\u0131kan Hikayelerime Hikaye Eklemek\">Instagram\u2019da \u00d6ne \u00c7\u0131kan Hikayelerime Hikaye Eklemek<\/a><ul class='ez-toc-list-level-3' ><li class='ez-toc-heading-level-3'><a class=\"ez-toc-link ez-toc-heading-3\" href=\"https:\/\/www.bepopi.com\/blog\/instagram-sifremi-unuttum\/#Instagramda_Birden_Fazla_Fotograf_Paylasmak\" title=\"Instagram\u2019da Birden Fazla Foto\u011fraf Payla\u015fmak\">Instagram\u2019da Birden Fazla Foto\u011fraf Payla\u015fmak<\/a><\/li><li class='ez-toc-page-1 ez-toc-heading-level-3'><a class=\"ez-toc-link ez-toc-heading-4\" href=\"https:\/\/www.bepopi.com\/blog\/instagram-sifremi-unuttum\/#Degisim_ve_Sosyal_Medya\" title=\"De\u011fi\u015fim ve Sosyal Medya\">De\u011fi\u015fim ve Sosyal Medya<\/a><\/li><\/ul><\/li><li class='ez-toc-page-1 ez-toc-heading-level-2'><a class=\"ez-toc-link ez-toc-heading-5\" href=\"https:\/\/www.bepopi.com\/blog\/instagram-sifremi-unuttum\/#Instagram_Kullanici_Adimi_Unuttum\" title=\"Instagram Kullan\u0131c\u0131 Ad\u0131m\u0131 Unuttum\">Instagram Kullan\u0131c\u0131 Ad\u0131m\u0131 Unuttum<\/a><\/li><li class='ez-toc-page-1 ez-toc-heading-level-2'><a class=\"ez-toc-link ez-toc-heading-6\" href=\"https:\/\/www.bepopi.com\/blog\/instagram-sifremi-unuttum\/#Instagram_Sifremi_Unuttum\" title=\"Instagram \u015eifremi Unuttum\">Instagram \u015eifremi Unuttum<\/a><\/li><\/ul><\/nav><\/div>\n<h2 style=\"text-align: justify;\"><span class=\"ez-toc-section\" id=\"Instagram_Hesabini_Facebook_Profiline_Baglama\"><\/span>Instagram Hesab\u0131n\u0131 Facebook Profiline Ba\u011flama<img decoding=\"async\" class=\"alignright wp-image-5478 size-medium\" src=\"https:\/\/bepopi.com\/blog\/wp-content\/uploads\/2018\/06\/Instagram-giris-sorunu-400x320.jpg\" alt=\"instagram giri\u015f sorunlar\u0131\" width=\"400\" height=\"320\" \/><span class=\"ez-toc-section-end\"><\/span><\/h2>\n<p style=\"text-align: justify;\">Instagram hesab\u0131 facebook profiline ba\u011flanabilmektedir. Bunun i\u00e7in yap\u0131lmas\u0131 gereken ilk \u015fey Instagram profilinde sa\u011f \u00fcstte yer alan iPhone veya Android simgesine dokunmakt\u0131r. Daha sonra ekranda a\u015fa\u011f\u0131 inerek ba\u011flant\u0131l\u0131 hesaplara t\u0131klanmal\u0131 ve Facebook se\u00e7ilerek Facebook giri\u015f bilgileri girilmelidir. Dileyen ki\u015filer Facebook ba\u011flant\u0131s\u0131n\u0131 kald\u0131rabilirler. Ba\u011flant\u0131y\u0131 kald\u0131rmak isteyenler profilde sa\u011f \u00fcst k\u00f6\u015fede bulunan iPhone ya da Android simgesine dokunup, ekran\u0131n a\u015fa\u011f\u0131s\u0131na inerek Ba\u011flant\u0131l\u0131 Hesaplar\u0131 se\u00e7ip ard\u0131ndan Facebook &gt; Ba\u011flant\u0131y\u0131 Kald\u0131r se\u00e7ene\u011fine t\u0131klayabilirler.<\/p>\n<h2 style=\"text-align: justify;\"><span class=\"ez-toc-section\" id=\"Instagramda_One_Cikan_Hikayelerime_Hikaye_Eklemek\"><\/span>Instagram\u2019da \u00d6ne \u00c7\u0131kan Hikayelerime Hikaye Eklemek<span class=\"ez-toc-section-end\"><\/span><\/h2>\n<p style=\"text-align: justify;\">Instagram\u2019\u0131n kullan\u0131c\u0131lara sundu\u011fu \u00f6zelliklerden biri olan hikayeler i\u00e7erisinde payla\u015f\u0131lan foto\u011fraflar 24 saatin ard\u0131ndan kaybolmaktad\u0131r. Ancak hikayeye eklenen foto\u011fraflar\u0131n kaybolduktan sonra dahi profilde \u00f6ne \u00e7\u0131kanlar olarak g\u00f6r\u00fcnmesi m\u00fcmk\u00fcnd\u00fcr. \u00d6ne \u00e7\u0131kan hikayeler profil foto\u011fraf\u0131n\u0131n alt\u0131nda yer almaktad\u0131r. \u00d6ne \u00e7\u0131kanlar b\u00f6l\u00fcm\u00fcne hikaye eklemek i\u00e7inse \u00f6ncelikle profile gidip kullan\u0131c\u0131 ad\u0131 ve biyografinin alt\u0131nda bulunan Hikayelerde \u00d6ne \u00c7\u0131kanlar\u2019a t\u0131klanmal\u0131d\u0131r. + simgesine dokunarak \u00f6ne \u00e7\u0131kanlar k\u0131sm\u0131na eklenmek istenen hikaye ya da hikayeler se\u00e7ildikten sonra ileri\u2019ye dokunulmal\u0131d\u0131r. Bir kapak foto\u011fraf\u0131 se\u00e7ilerek ve \u00f6ne \u00e7\u0131kan hikaye i\u00e7in bir ad girilerek iPhone\u2019da ekle\u2019ye, Android\u2019de de Bitti\u2019ye t\u0131klayarak i\u015flem tamamlanabilmektedir.<\/p>\n<h3 style=\"text-align: justify;\"><span class=\"ez-toc-section\" id=\"Instagramda_Birden_Fazla_Fotograf_Paylasmak\"><\/span>Instagram\u2019da Birden Fazla Foto\u011fraf Payla\u015fmak<span class=\"ez-toc-section-end\"><\/span><\/h3>\n<p style=\"text-align: justify;\"><strong>Instagram \u015fifremi unuttum<\/strong> diyenlere y\u00f6nelik haz\u0131rlam\u0131\u015f oldu\u011fumuz bu yaz\u0131da farkl\u0131 noktalara da de\u011finmek istedik. Instagram b\u00fcnyesinde art\u0131k birden fazla foto\u011fraf tek bir g\u00f6nderide payla\u015f\u0131labilmektedir. \u00d6nceki zamanlarda kullan\u0131c\u0131lar se\u00e7tikleri bir foto\u011fraf\u0131 Instagram hesab\u0131na y\u00fckl\u00fcyordu fakat gelen yeni \u00f6zellik sayesinde isteyenler 10 adede kadar foto\u011fraf\u0131 y\u00fckleyip bir g\u00f6nderide payla\u015fmaktad\u0131r. \u0130lk ad\u0131mda foto\u011fraf eklemek i\u00e7in kullan\u0131lan + simgesine t\u0131klayarak ekran\u0131n alt\u0131ndaki K\u00fct\u00fcphane se\u00e7ilebilir. Ekranda yer alan birden fazla se\u00e7 simgesine dokunup telefon galerisinde bulunan foto\u011fraflardan 10 tanesi se\u00e7ilebilmektedir. Payla\u015fmadan \u00f6nce g\u00f6nderinin tamam\u0131 i\u00e7in tek bir konum ve a\u00e7\u0131klama eklenebilmektedir. Bununla birlikte ayr\u0131 ayr\u0131 her foto\u011frafta ki\u015filer etiketlenebilir. Payla\u015f\u0131lan g\u00f6nderide yer alan di\u011fer foto\u011fraflar\u0131 g\u00f6rmek i\u00e7in parmaklar\u0131n ekranda kayd\u0131r\u0131lmas\u0131 yeterlidir.<\/p>\n<h3 style=\"text-align: justify;\"><span class=\"ez-toc-section\" id=\"Degisim_ve_Sosyal_Medya\"><\/span>De\u011fi\u015fim ve Sosyal Medya<span class=\"ez-toc-section-end\"><\/span><\/h3>\n<p style=\"text-align: justify;\">Y\u0131llar i\u00e7erisinde bir\u00e7ok \u015feyin de\u011fi\u015fti\u011fi g\u00f6r\u00fclmektedir ki buna ev ortam\u0131nda kullan\u0131lan e\u015fyalardan g\u00fcnl\u00fck hayat\u0131m\u0131z\u0131n bir par\u00e7as\u0131 olan telefonlara kadar \u00e7e\u015fitli \u00fcr\u00fcnler d\u00e2hil edilebilir. Ak\u0131ll\u0131 telefon kavram\u0131 ile birlikte s\u0131kl\u0131kla kar\u015f\u0131la\u015ft\u0131\u011f\u0131m\u0131z bir di\u011fer tan\u0131m sosyal medya olmaktad\u0131r. Kullan\u0131c\u0131lar taraf\u0131ndan tercih edilen uygulamalar aras\u0131nda en bilinenleri Instagram, Facebook ve Twitter \u015feklinde s\u0131ralanmaktad\u0131r. Instagram son zamanlarda gelen yenilikle birlikte hikayeler \u00f6zelli\u011fini kullan\u0131c\u0131lara sunmu\u015ftur. Ayn\u0131 \u015fekilde Facebook kullananlarda hikayeler b\u00f6l\u00fcm\u00fcnde foto\u011fraf payla\u015f\u0131m\u0131 yapmaktad\u0131r. Twitter\u2019daki de\u011fi\u015fiklik ise tweet atarken kullan\u0131lan karakter say\u0131s\u0131nda ya\u015fanan art\u0131\u015ft\u0131r. Gerek Instagram gerekse Twitter ve Facebook kendine has \u00f6zellikleri ile kullan\u0131c\u0131lar\u0131n be\u011fenisine sunulmaktad\u0131r.<\/p>\n<p style=\"text-align: justify;\">Yaz\u0131m\u0131zda sizler i\u00e7in <strong>Instagram \u015fifremi unuttum<\/strong> sorununa y\u00f6nelik \u00e7\u00f6z\u00fcmleri payla\u015fmaya \u00e7al\u0131\u015ft\u0131k. Umar\u0131z faydal\u0131 olmu\u015ftur. Instagram uygulamas\u0131nda ya\u015fad\u0131\u011f\u0131n\u0131z sorunlar\u0131 bize iletebilir ve yard\u0131m talebinde bulunabilirsiniz. Instagram takip sat\u0131n alma ve Instagram be\u011feni sat\u0131n alma i\u015flemlerinde bize g\u00fcvenebilir ve h\u0131zl\u0131 bir \u015fekilde al\u0131\u015fveri\u015f yapabilirsiniz.<\/p>\n<p style=\"text-align: center;\">Instagram \u015fifremi unuttum 2018 \u00e7\u00f6z\u00fcm\u00fc konusundaki videoyu a\u015fa\u011f\u0131dan izleyebilirsiniz.<\/p>\n<p style=\"text-align: center;\"><iframe src=\"https:\/\/www.youtube.com\/embed\/fmEJUA0C8zo\" width=\"560\" height=\"315\" frameborder=\"0\" allowfullscreen=\"allowfullscreen\"><\/iframe><\/p>\n<h2><span class=\"ez-toc-section\" id=\"Instagram_Kullanici_Adimi_Unuttum\"><\/span>Instagram Kullan\u0131c\u0131 Ad\u0131m\u0131 Unuttum<img decoding=\"async\" class=\"alignright wp-image-5645 size-medium\" src=\"https:\/\/bepopi.com\/blog\/wp-content\/uploads\/2018\/07\/Instagram-Kullanici-Adimi-Unuttum-480x320.jpg\" alt=\"instagram \u015fifre unuttum\" width=\"480\" height=\"320\" \/><span class=\"ez-toc-section-end\"><\/span><\/h2>\n<p>Ak\u0131ll\u0131 telefonlarda yer alan kameralar ile herkes farkl\u0131 kareler yakalamakta ve bireyler isterlerse bunlar\u0131 sosyal medya platformlar\u0131nda payla\u015fmaktad\u0131r. Ge\u00e7mi\u015ften g\u00fcn\u00fcm\u00fcze de\u011fi\u015fen ko\u015fullar neticesinde hayat\u0131m\u0131za d\u00e2hil olan uygulamalar arac\u0131l\u0131\u011f\u0131yla hem foto\u011fraf hem de video payla\u015f\u0131m\u0131 yap\u0131lmaktad\u0131r. Pop\u00fcler sosyal medya platformlar\u0131 aras\u0131nda Instagramda yer almaktad\u0131r ki g\u00fcncellemeler neticesinde hem normal g\u00f6nderi \u015feklinde foto\u011fraf\/video eklenmekte hem de hikayeler k\u0131sm\u0131nda g\u00f6nderiler payla\u015f\u0131labilmektedir. Bazense <strong>Instagram kullan\u0131c\u0131 ad\u0131m\u0131 unuttum<\/strong> gibi sorunlar ya\u015fanabilmektedir. Peki, bu durumda ne yapmak gerekir?<\/p>\n<p><strong>Instagram kullan\u0131c\u0131 ad\u0131m\u0131 unuttum<\/strong>, \u015fifremi unuttum vb sorunlar uygulamaya giri\u015f yapmak isterken kar\u015f\u0131m\u0131za \u00e7\u0131kabilmektedir. Kullan\u0131c\u0131 ad\u0131n\u0131z\u0131 girdikten sonra hesab\u0131n\u0131z\u0131 bulam\u0131yorsan\u0131z tekrarlanan karakterlerden olu\u015fuyorsa, kullan\u0131c\u0131 ad\u0131n\u0131z\u0131 do\u011fru yazd\u0131\u011f\u0131n\u0131zdan emin olun ve kullan\u0131c\u0131 ad\u0131n\u0131z\u0131 girerken @ sembol\u00fcn\u00fc kullanmay\u0131n.<\/p>\n<h2><span class=\"ez-toc-section\" id=\"Instagram_Sifremi_Unuttum\"><\/span>Instagram \u015eifremi Unuttum<span class=\"ez-toc-section-end\"><\/span><\/h2>\n<p>Instagram uygulamas\u0131 i\u00e7erisinde \u00e7e\u015fitli \u00f6zellikler kullan\u0131c\u0131lara sunulmaktad\u0131r ve bunlardan biri hikayeler b\u00f6l\u00fcm\u00fcd\u00fcr. Instagram hesab\u0131 olanlar hikayelerde foto\u011fraf\/ videolar\u0131 takip\u00e7ileriyle payla\u015fmaktad\u0131r.<\/p>\n<p>Sosyal medya uygulamalar\u0131ndan biri olan Instagram\u2019da bazen <strong>Instagram kullan\u0131c\u0131 ad\u0131m\u0131 unuttum<\/strong> \u015feklinde bir durum ortaya \u00e7\u0131kabilmektedir. <strong>Instagram kullan\u0131c\u0131 ad\u0131m\u0131 unuttum<\/strong> ba\u015fl\u0131kl\u0131 yaz\u0131m\u0131zda yer vermek istedi\u011fimiz detaylardan biride \u015fifremi unuttum diyenler i\u00e7in olacak. \u015eifrenizi hat\u0131rlam\u0131yorsan\u0131z e-posta adresinizi, telefon numaran\u0131z\u0131 ya da Facebook hesab\u0131n\u0131z\u0131 kullanarak \u015fifrenizi yenileyebilirsiniz. E-posta adresinizi, telefon numaran\u0131z\u0131 veya Facebook hesab\u0131n\u0131z\u0131 kullanarak \u015fifrenizi yenilemek i\u00e7in \u00f6ncelikle instagram uygulamas\u0131n\u0131 a\u00e7\u0131n. Daha sonraki ad\u0131mda giri\u015f ekran\u0131nda yer alan Giri\u015f Yap k\u0131sm\u0131n\u0131n alt\u0131nda bulunan Giri\u015f Yapmayla \u0130lgili Yard\u0131m Al se\u00e7ene\u011fine t\u0131klay\u0131n. Buradan da Android i\u00e7in Kullan\u0131c\u0131 Ad\u0131 veya E-posta Kullan, SMS G\u00f6nder veya Facebook ile Giri\u015f Yap se\u00e7ene\u011fine dokunarak bilgilerinizi girin ve ekrandaki talimatlar\u0131 izleyin.<\/p>\n<p>iOS i\u00e7inse Kullan\u0131c\u0131 Ad\u0131 veya Telefon\u2019a dokunun. E-posta adresinizi, kullan\u0131c\u0131 ad\u0131n\u0131z\u0131 veya telefon numaran\u0131z\u0131 girdikten sonrada Giri\u015f Ba\u011flant\u0131s\u0131 G\u00f6nder\u2019e t\u0131klay\u0131n.<\/p>\n<p>Instagram Kullan\u0131c\u0131 Ad\u0131m\u0131 Unuttum Nas\u0131l \u00d6\u011frenebilirim konusunda sizleri bilgilendirmeye \u00e7al\u0131\u015ft\u0131\u011f\u0131m\u0131z bu yaz\u0131n\u0131n sonuna geldik. Konu hakk\u0131ndaki ve t\u00fcm sosyal medya platformlar\u0131nda ya\u015fad\u0131\u011f\u0131n\u0131z sorunlar\u0131 yorumlar k\u0131sm\u0131ndan bizlere iletebilirsiniz. Ekibimiz taraf\u0131ndan incelenen sorular\u0131n\u0131z en k\u0131sa s\u00fcrede yan\u0131tlanmaktad\u0131r. Instagram\u2019\u0131n yeni \u00f6zelliklerinden haberdar olmak ve merak ettiklerinizi \u00f6\u011frenmek i\u00e7in sitemizi takipte kal\u0131n.<\/p>\n<p style=\"text-align: center;\">Instagram Kullan\u0131c\u0131 Ad\u0131m\u0131 Unuttum Nas\u0131l \u00d6\u011frenebilirim konusundaki videoyu a\u015fa\u011f\u0131dan izleyebilirsiniz.<br \/>\n<iframe src=\"https:\/\/www.youtube.com\/embed\/muxy5hF2rzk\" width=\"560\" height=\"315\" frameborder=\"0\" allowfullscreen=\"allowfullscreen\" data-mce-fragment=\"1\"><\/iframe><\/p>\n<div style='text-align:left' class='yasr-auto-insert-visitor'><\/div>","protected":false},"excerpt":{"rendered":"<p>D\u00fcnya genelinde tan\u0131nan ve tercih edilen bir uygulama olan Instagram\u2019\u0131 kullan\u0131c\u0131lar g\u00fcnl\u00fck hayatta aktif \u015fekilde kullanmaktad\u0131r. Sosyal medya uygulamalar\u0131 olan Instagram, Facebook, Twitter\u2019a giri\u015f yapmak i\u00e7in \u015fifre gerekmekte, bireyler belirledikleri bir \u015fifreyle hesaplar\u0131na eri\u015febilmektedir. Ancak bazen ki\u015filer \u015fifrelerini unutmakta, b\u00f6yle zamanlarda da \u015fifre yenileme i\u015flemi g\u00fcndeme gelmektedir. Instagram \u015fifremi unuttum diyenler i\u00e7in bizde bu yaz\u0131m\u0131z\u0131 haz\u0131rlayarak sizlerle payla\u015fmak istedik. Foto\u011fraflar\u0131n\u0131z\u0131 payla\u015fmak ad\u0131na kulland\u0131\u011f\u0131n\u0131z Instagram \u015fifrenizi unuttuysan\u0131z bunun i\u00e7in endi\u015felenmenize gerek yok zira \u00e7\u00f6z\u00fcm\u00fc mevcuttur. Bilgisayar arac\u0131l\u0131\u011f\u0131yla instagram sayfas\u0131 a\u00e7\u0131ld\u0131\u011f\u0131nda ekranda kullan\u0131c\u0131 ad\u0131 ve \u015fifrenin yaz\u0131ld\u0131\u011f\u0131 bir b\u00f6l\u00fcm yer almaktad\u0131r. Bunun alt\u0131nda da \u201c\u015eifreni mi unuttun?\u201d sorusu bulunmaktad\u0131r. Bu soruya t\u0131kland\u0131\u011f\u0131 zaman kar\u015f\u0131m\u0131za \u015eifreyi Yenile sayfas\u0131 \u00e7\u0131kmaktad\u0131r. Instagram kullan\u0131c\u0131 ad\u0131 veya [&hellip;]<\/p>\n","protected":false},"author":1,"featured_media":5479,"comment_status":"open","ping_status":"open","sticky":false,"template":"","format":"standard","meta":{"rank_math_lock_modified_date":false,"yasr_overall_rating":0,"yasr_post_is_review":"","yasr_auto_insert_disabled":"","yasr_review_type":"","footnotes":""},"categories":[2906],"tags":[],"class_list":["post-5477","post","type-post","status-publish","format-standard","has-post-thumbnail","hentry","category-instagram-destek","entry"],"yasr_visitor_votes":{"stars_attributes":{"read_only":false,"span_bottom":false},"number_of_votes":2,"sum_votes":10},"_links":{"self":[{"href":"https:\/\/www.bepopi.com\/blog\/wp-json\/wp\/v2\/posts\/5477","targetHints":{"allow":["GET"]}}],"collection":[{"href":"https:\/\/www.bepopi.com\/blog\/wp-json\/wp\/v2\/posts"}],"about":[{"href":"https:\/\/www.bepopi.com\/blog\/wp-json\/wp\/v2\/types\/post"}],"author":[{"embeddable":true,"href":"https:\/\/www.bepopi.com\/blog\/wp-json\/wp\/v2\/users\/1"}],"replies":[{"embeddable":true,"href":"https:\/\/www.bepopi.com\/blog\/wp-json\/wp\/v2\/comments?post=5477"}],"version-history":[{"count":4,"href":"https:\/\/www.bepopi.com\/blog\/wp-json\/wp\/v2\/posts\/5477\/revisions"}],"predecessor-version":[{"id":14748,"href":"https:\/\/www.bepopi.com\/blog\/wp-json\/wp\/v2\/posts\/5477\/revisions\/14748"}],"wp:featuredmedia":[{"embeddable":true,"href":"https:\/\/www.bepopi.com\/blog\/wp-json\/wp\/v2\/media\/5479"}],"wp:attachment":[{"href":"https:\/\/www.bepopi.com\/blog\/wp-json\/wp\/v2\/media?parent=5477"}],"wp:term":[{"taxonomy":"category","embeddable":true,"href":"https:\/\/www.bepopi.com\/blog\/wp-json\/wp\/v2\/categories?post=5477"},{"taxonomy":"post_tag","embeddable":true,"href":"https:\/\/www.bepopi.com\/blog\/wp-json\/wp\/v2\/tags?post=5477"}],"curies":[{"name":"wp","href":"https:\/\/api.w.org\/{rel}","templated":true}]}}