{"id":5532,"date":"2018-06-21T12:35:11","date_gmt":"2018-06-21T09:35:11","guid":{"rendered":"https:\/\/bepopi.com\/blog\/?p=5532"},"modified":"2020-10-19T13:09:51","modified_gmt":"2020-10-19T10:09:51","slug":"instagram-profil-resmi-degismiyor-sorunu-ve-cozumu","status":"publish","type":"post","link":"https:\/\/www.bepopi.com\/blog\/instagram-profil-resmi-degismiyor-sorunu-ve-cozumu","title":{"rendered":"Instagram Profil Resmi De\u011fi\u015fmiyor Sorunu ve \u00c7\u00f6z\u00fcm\u00fc"},"content":{"rendered":"<p>Instagram son g\u00fcnlerin en \u00e7ok kullan\u0131lan foto\u011fraf ve video payla\u015f\u0131m a\u011f\u0131 olarak hayatlar\u0131m\u0131zda yerini art\u0131k oturtmu\u015f bir mecrad\u0131r. Art\u0131k kullan\u0131c\u0131lar birbirlerinin hayatlar\u0131n\u0131 devaml\u0131 ve d\u00fczenli olarak Instagram profilleri \u00fczerinden takip edebilmektedir. Bu anlamda da Instagram uygulamas\u0131na y\u00fcklenmi\u015f olan veya gelecekte y\u00fcklenecek olan her foto\u011fraf ayr\u0131 ayr\u0131 \u00f6nem arz etmektedir. Instagram uygulamas\u0131nda genellikle kullan\u0131c\u0131lar\u0131n profil foto\u011fraflar\u0131yla ilgili ya\u015fad\u0131klar\u0131 problemler olmaktad\u0131r bunlardan birisi de <strong>Instagram profil resmi de\u011fi\u015fmiyor <\/strong>sorunudur. Ancak bundan \u00f6nce Instagram\u2019a profil foto\u011fraf\u0131 nas\u0131l eklerim buna bakal\u0131m.<\/p>\n<div id=\"ez-toc-container\" class=\"ez-toc-v2_0_69_1 counter-hierarchy ez-toc-counter ez-toc-grey ez-toc-container-direction\">\n<p class=\"ez-toc-title\" style=\"cursor:inherit\">\u0130\u00e7indekiler<\/p>\n<label for=\"ez-toc-cssicon-toggle-item-69f5b2a538100\" class=\"ez-toc-cssicon-toggle-label\"><span class=\"\"><span class=\"eztoc-hide\" style=\"display:none;\">Toggle<\/span><span class=\"ez-toc-icon-toggle-span\"><svg style=\"fill: #999;color:#999\" xmlns=\"http:\/\/www.w3.org\/2000\/svg\" class=\"list-377408\" width=\"20px\" height=\"20px\" viewBox=\"0 0 24 24\" fill=\"none\"><path d=\"M6 6H4v2h2V6zm14 0H8v2h12V6zM4 11h2v2H4v-2zm16 0H8v2h12v-2zM4 16h2v2H4v-2zm16 0H8v2h12v-2z\" fill=\"currentColor\"><\/path><\/svg><svg style=\"fill: #999;color:#999\" class=\"arrow-unsorted-368013\" xmlns=\"http:\/\/www.w3.org\/2000\/svg\" width=\"10px\" height=\"10px\" viewBox=\"0 0 24 24\" version=\"1.2\" baseProfile=\"tiny\"><path d=\"M18.2 9.3l-6.2-6.3-6.2 6.3c-.2.2-.3.4-.3.7s.1.5.3.7c.2.2.4.3.7.3h11c.3 0 .5-.1.7-.3.2-.2.3-.5.3-.7s-.1-.5-.3-.7zM5.8 14.7l6.2 6.3 6.2-6.3c.2-.2.3-.5.3-.7s-.1-.5-.3-.7c-.2-.2-.4-.3-.7-.3h-11c-.3 0-.5.1-.7.3-.2.2-.3.5-.3.7s.1.5.3.7z\"\/><\/svg><\/span><\/span><\/label><input type=\"checkbox\"  id=\"ez-toc-cssicon-toggle-item-69f5b2a538100\"  aria-label=\"Toggle\" \/><nav><ul class='ez-toc-list ez-toc-list-level-1 ' ><li class='ez-toc-page-1 ez-toc-heading-level-2'><a class=\"ez-toc-link ez-toc-heading-1\" href=\"https:\/\/www.bepopi.com\/blog\/instagram-profil-resmi-degismiyor-sorunu-ve-cozumu\/#Instagrama_Profil_Fotografi_Nasil_Eklerim\" title=\"Instagram\u2019a Profil Foto\u011fraf\u0131 Nas\u0131l Eklerim\">Instagram\u2019a Profil Foto\u011fraf\u0131 Nas\u0131l Eklerim<\/a><\/li><li class='ez-toc-page-1 ez-toc-heading-level-2'><a class=\"ez-toc-link ez-toc-heading-2\" href=\"https:\/\/www.bepopi.com\/blog\/instagram-profil-resmi-degismiyor-sorunu-ve-cozumu\/#Instagram_Profil_Resmi_Degismiyor_Sorunu\" title=\"Instagram Profil Resmi De\u011fi\u015fmiyor Sorunu\">Instagram Profil Resmi De\u011fi\u015fmiyor Sorunu<\/a><\/li><\/ul><\/nav><\/div>\n<h2><span class=\"ez-toc-section\" id=\"Instagrama_Profil_Fotografi_Nasil_Eklerim\"><\/span><strong>Instagram\u2019a Profil Foto\u011fraf\u0131 Nas\u0131l Eklerim<\/strong><span class=\"ez-toc-section-end\"><\/span><\/h2>\n<p>Instagrama profil foto\u011fraf\u0131 ekleyebilmek i\u00e7in \u00f6ncelikle bir Instagram hesab\u0131n\u0131z\u0131n olmas\u0131 gerekmektedir. Daha sonra profilinize giderek hemen takip\u00e7i say\u0131lar\u0131n\u0131z\u0131n alt\u0131nda yazan profile d\u00fczenle butonuna t\u0131klamal\u0131s\u0131n\u0131z. Ard\u0131ndan kar\u015f\u0131n\u0131za a\u00e7\u0131lan sayfada profil foto\u011fraf\u0131n\u0131z\u0131n hemen alt\u0131nda mavi bir yaz\u0131yla Profil Foto\u011fraf\u0131n\u0131 De\u011fi\u015ftir se\u00e7ene\u011fi yer alacakt\u0131r. Bu butona basarak profil resminizi tercih etti\u011finiz alandan yani isterseniz foto\u011fraf alb\u00fcm\u00fcn\u00fczden, isterseniz web ortam\u0131ndan, isterseniz yeni bir foto\u011fraf \u00e7ekerek anl\u0131k olarak y\u00fckleyebilirsiniz.<\/p>\n<p><strong><img decoding=\"async\" class=\"wp-image-5534 size-medium aligncenter\" src=\"https:\/\/bepopi.com\/blog\/wp-content\/uploads\/2018\/06\/Instagram-Profil-Resmi-Degismiyor-480x320.jpg\" alt=\"instagram profil resmi de\u011fi\u015fmiyor\" width=\"480\" height=\"320\" \/><\/strong><\/p>\n<h2><span class=\"ez-toc-section\" id=\"Instagram_Profil_Resmi_Degismiyor_Sorunu\"><\/span><strong>Instagram Profil Resmi De\u011fi\u015fmiyor Sorunu<\/strong><span class=\"ez-toc-section-end\"><\/span><\/h2>\n<p>Instagram kullan\u0131c\u0131lar\u0131n\u0131n profil foto\u011fraf\u0131 y\u00fcklemekte \u00e7o\u011fu zaman sorun ya\u015fad\u0131\u011f\u0131 bilinmektedir. Bu anlamda Instagram profil resminin de\u011fi\u015fmedi\u011fini s\u00f6yleyen kullan\u0131c\u0131lar bu yaz\u0131m\u0131z\u0131 takip ederek sorunun nedenini ve \u00e7\u00f6z\u00fcmlerini bulabilecektir. <strong>Instagram profil foto\u011fraf\u0131 de\u011fi\u015fmiyor <\/strong>sorunu genellikle Instagrama foto\u011fraf y\u00fcklerken ba\u011fland\u0131\u011f\u0131n\u0131z internetin ba\u011flant\u0131 seviyesinin \u00e7ok d\u00fc\u015f\u00fck olmas\u0131ndan dolay\u0131d\u0131r. Foto\u011fraf boyutunuz a\u015f\u0131r\u0131 k\u00fc\u00e7\u00fck de\u011filse neredeyse hi\u00e7 problem ya\u015famazs\u0131n\u0131z. Ancak yukar\u0131da da belirtti\u011fim gibi <strong>Instagram profil resmi\u00a0 <\/strong>sorunu al\u0131yorsan\u0131z ilk \u00f6nce ba\u011flant\u0131 ayarlar\u0131n\u0131z\u0131 kontrol etmeniz gerekmektedir. D\u00fc\u015f\u00fck h\u0131zl\u0131 bir internet \u00fczerinden ba\u011flanarak foto\u011fraf y\u00fcklemeye \u00e7al\u0131\u015f\u0131rsan\u0131z e\u011fer bu durum genellikle zaman a\u015f\u0131m\u0131 nedeniyle problem \u00e7\u0131kartacakt\u0131r. Dolay\u0131s\u0131yla daha iyi bir internet ortam\u0131nda foto\u011fraf\u0131n\u0131z\u0131 y\u00fcklemelisiniz. Bunun \u00fczerine <strong>Instagram profil resmi <\/strong>sorunu ortadan kalkacakt\u0131r.<\/p>\n<p>Instagram profil resmi de\u011fi\u015fmiyor sorunu ve \u00e7\u00f6z\u00fcm\u00fc konusunda sizleri bilgilendirmeye \u00e7al\u0131\u015ft\u0131\u011f\u0131m\u0131z yaz\u0131m\u0131z\u0131n sonuna geldik. <strong>Instagram takip\u00e7i sat\u0131n alma<\/strong> ve <strong>Instagram be\u011feni sat\u0131n alma<\/strong> konular\u0131nda yard\u0131ma ihtiyac\u0131n\u0131z varsa bizimle ileti\u015fime ge\u00e7ebilir, g\u00f6n\u00fcl rahatl\u0131\u011f\u0131yla al\u0131\u015fveri\u015f yapabilirsiniz.<\/p>\n<p style=\"text-align: center;\">Instagram profil resmi de\u011fi\u015fmiyor sorunu ve \u00e7\u00f6z\u00fcm\u00fc konusundaki videoyu a\u015fa\u011f\u0131dan izleyebilirsiniz.<br \/>\n<iframe src=\"https:\/\/www.youtube.com\/embed\/XnAiNlEci4o\" width=\"560\" height=\"315\" frameborder=\"0\" allowfullscreen=\"allowfullscreen\"><\/iframe><\/p>\n<div style='text-align:left' class='yasr-auto-insert-visitor'><\/div>","protected":false},"excerpt":{"rendered":"<p>Instagram son g\u00fcnlerin en \u00e7ok kullan\u0131lan foto\u011fraf ve video payla\u015f\u0131m a\u011f\u0131 olarak hayatlar\u0131m\u0131zda yerini art\u0131k oturtmu\u015f bir mecrad\u0131r. Art\u0131k kullan\u0131c\u0131lar birbirlerinin hayatlar\u0131n\u0131 devaml\u0131 ve d\u00fczenli olarak Instagram profilleri \u00fczerinden takip edebilmektedir. Bu anlamda da Instagram uygulamas\u0131na y\u00fcklenmi\u015f olan veya gelecekte y\u00fcklenecek olan her foto\u011fraf ayr\u0131 ayr\u0131 \u00f6nem arz etmektedir. Instagram uygulamas\u0131nda genellikle kullan\u0131c\u0131lar\u0131n profil foto\u011fraflar\u0131yla ilgili ya\u015fad\u0131klar\u0131 problemler olmaktad\u0131r bunlardan birisi de Instagram profil resmi de\u011fi\u015fmiyor sorunudur. Ancak bundan \u00f6nce Instagram\u2019a profil foto\u011fraf\u0131 nas\u0131l eklerim buna bakal\u0131m. Instagram\u2019a Profil Foto\u011fraf\u0131 Nas\u0131l Eklerim Instagrama profil foto\u011fraf\u0131 ekleyebilmek i\u00e7in \u00f6ncelikle bir Instagram hesab\u0131n\u0131z\u0131n olmas\u0131 gerekmektedir. Daha sonra profilinize giderek hemen takip\u00e7i say\u0131lar\u0131n\u0131z\u0131n alt\u0131nda yazan profile d\u00fczenle butonuna t\u0131klamal\u0131s\u0131n\u0131z. Ard\u0131ndan kar\u015f\u0131n\u0131za a\u00e7\u0131lan sayfada [&hellip;]<\/p>\n","protected":false},"author":1,"featured_media":5535,"comment_status":"open","ping_status":"open","sticky":false,"template":"","format":"standard","meta":{"rank_math_lock_modified_date":false,"yasr_overall_rating":0,"yasr_post_is_review":"","yasr_auto_insert_disabled":"","yasr_review_type":"","footnotes":""},"categories":[1],"tags":[],"class_list":["post-5532","post","type-post","status-publish","format-standard","has-post-thumbnail","hentry","category-sosyal-medya","entry"],"yasr_visitor_votes":{"stars_attributes":{"read_only":false,"span_bottom":false},"number_of_votes":8,"sum_votes":20},"_links":{"self":[{"href":"https:\/\/www.bepopi.com\/blog\/wp-json\/wp\/v2\/posts\/5532","targetHints":{"allow":["GET"]}}],"collection":[{"href":"https:\/\/www.bepopi.com\/blog\/wp-json\/wp\/v2\/posts"}],"about":[{"href":"https:\/\/www.bepopi.com\/blog\/wp-json\/wp\/v2\/types\/post"}],"author":[{"embeddable":true,"href":"https:\/\/www.bepopi.com\/blog\/wp-json\/wp\/v2\/users\/1"}],"replies":[{"embeddable":true,"href":"https:\/\/www.bepopi.com\/blog\/wp-json\/wp\/v2\/comments?post=5532"}],"version-history":[{"count":2,"href":"https:\/\/www.bepopi.com\/blog\/wp-json\/wp\/v2\/posts\/5532\/revisions"}],"predecessor-version":[{"id":14740,"href":"https:\/\/www.bepopi.com\/blog\/wp-json\/wp\/v2\/posts\/5532\/revisions\/14740"}],"wp:featuredmedia":[{"embeddable":true,"href":"https:\/\/www.bepopi.com\/blog\/wp-json\/wp\/v2\/media\/5535"}],"wp:attachment":[{"href":"https:\/\/www.bepopi.com\/blog\/wp-json\/wp\/v2\/media?parent=5532"}],"wp:term":[{"taxonomy":"category","embeddable":true,"href":"https:\/\/www.bepopi.com\/blog\/wp-json\/wp\/v2\/categories?post=5532"},{"taxonomy":"post_tag","embeddable":true,"href":"https:\/\/www.bepopi.com\/blog\/wp-json\/wp\/v2\/tags?post=5532"}],"curies":[{"name":"wp","href":"https:\/\/api.w.org\/{rel}","templated":true}]}}