{"id":5562,"date":"2018-06-25T21:06:20","date_gmt":"2018-06-25T18:06:20","guid":{"rendered":"https:\/\/bepopi.com\/blog\/?p=5562"},"modified":"2020-10-19T13:04:45","modified_gmt":"2020-10-19T10:04:45","slug":"instagram-kaydedilenler-nasil-silinir","status":"publish","type":"post","link":"https:\/\/www.bepopi.com\/blog\/instagram-kaydedilenler-nasil-silinir","title":{"rendered":"Instagram Kaydedilenler Nas\u0131l Silinir?"},"content":{"rendered":"<p>Instagram uygulamas\u0131n\u0131n i\u00e7erisinde yer alan b\u00f6l\u00fcmlerden bir tanesi olan Kaydedilenler, insanlar\u0131n yo\u011fun olarak kulland\u0131klar\u0131 b\u00f6l\u00fcmlerdendir. <strong>Instagram kaydedilenleri silme<\/strong> sayesinde buras\u0131 s\u00fcrekli g\u00fcncel tutulabilmekte ve insanlar buradan daha \u00f6nce kaydettikleri video ya da foto\u011fraflara ula\u015fabilmektedir.<\/p>\n<div id=\"ez-toc-container\" class=\"ez-toc-v2_0_69_1 counter-hierarchy ez-toc-counter ez-toc-grey ez-toc-container-direction\">\n<p class=\"ez-toc-title\" style=\"cursor:inherit\">\u0130\u00e7indekiler<\/p>\n<label for=\"ez-toc-cssicon-toggle-item-69f3549dee76d\" class=\"ez-toc-cssicon-toggle-label\"><span class=\"\"><span class=\"eztoc-hide\" style=\"display:none;\">Toggle<\/span><span class=\"ez-toc-icon-toggle-span\"><svg style=\"fill: #999;color:#999\" xmlns=\"http:\/\/www.w3.org\/2000\/svg\" class=\"list-377408\" width=\"20px\" height=\"20px\" viewBox=\"0 0 24 24\" fill=\"none\"><path d=\"M6 6H4v2h2V6zm14 0H8v2h12V6zM4 11h2v2H4v-2zm16 0H8v2h12v-2zM4 16h2v2H4v-2zm16 0H8v2h12v-2z\" fill=\"currentColor\"><\/path><\/svg><svg style=\"fill: #999;color:#999\" class=\"arrow-unsorted-368013\" xmlns=\"http:\/\/www.w3.org\/2000\/svg\" width=\"10px\" height=\"10px\" viewBox=\"0 0 24 24\" version=\"1.2\" baseProfile=\"tiny\"><path d=\"M18.2 9.3l-6.2-6.3-6.2 6.3c-.2.2-.3.4-.3.7s.1.5.3.7c.2.2.4.3.7.3h11c.3 0 .5-.1.7-.3.2-.2.3-.5.3-.7s-.1-.5-.3-.7zM5.8 14.7l6.2 6.3 6.2-6.3c.2-.2.3-.5.3-.7s-.1-.5-.3-.7c-.2-.2-.4-.3-.7-.3h-11c-.3 0-.5.1-.7.3-.2.2-.3.5-.3.7s.1.5.3.7z\"\/><\/svg><\/span><\/span><\/label><input type=\"checkbox\"  id=\"ez-toc-cssicon-toggle-item-69f3549dee76d\"  aria-label=\"Toggle\" \/><nav><ul class='ez-toc-list ez-toc-list-level-1 ' ><li class='ez-toc-page-1 ez-toc-heading-level-2'><a class=\"ez-toc-link ez-toc-heading-1\" href=\"https:\/\/www.bepopi.com\/blog\/instagram-kaydedilenler-nasil-silinir\/#Instagram_Kaydedilenler_Ozelligi_Nedir\" title=\"Instagram Kaydedilenler \u00d6zelli\u011fi Nedir?\">Instagram Kaydedilenler \u00d6zelli\u011fi Nedir?<\/a><\/li><li class='ez-toc-page-1 ez-toc-heading-level-2'><a class=\"ez-toc-link ez-toc-heading-2\" href=\"https:\/\/www.bepopi.com\/blog\/instagram-kaydedilenler-nasil-silinir\/#Instagram_Kaydedilenler_Ozelligi_Nasil_Kullanilir\" title=\"Instagram Kaydedilenler \u00d6zelli\u011fi Nas\u0131l Kullan\u0131l\u0131r?\">Instagram Kaydedilenler \u00d6zelli\u011fi Nas\u0131l Kullan\u0131l\u0131r?<\/a><\/li><li class='ez-toc-page-1 ez-toc-heading-level-2'><a class=\"ez-toc-link ez-toc-heading-3\" href=\"https:\/\/www.bepopi.com\/blog\/instagram-kaydedilenler-nasil-silinir\/#Instagram_Kaydedilenleri_Silme_Islemi_Nasil_Yapilir\" title=\"Instagram Kaydedilenleri Silme \u0130\u015flemi Nas\u0131l Yap\u0131l\u0131r?\">Instagram Kaydedilenleri Silme \u0130\u015flemi Nas\u0131l Yap\u0131l\u0131r?<\/a><\/li><\/ul><\/nav><\/div>\n<h2><span class=\"ez-toc-section\" id=\"Instagram_Kaydedilenler_Ozelligi_Nedir\"><\/span><strong>Instagram Kaydedilenler \u00d6zelli\u011fi Nedir?<\/strong><span class=\"ez-toc-section-end\"><\/span><\/h2>\n<p>Instagram i\u00e7erisinde zaman ge\u00e7iren kullan\u0131c\u0131lar burada \u00e7ok say\u0131da video ve foto\u011fraf g\u00f6r\u00fcrler. Bunlardan baz\u0131lar\u0131n\u0131 \u00e7ok be\u011fendikleri i\u00e7in baz\u0131lar\u0131n\u0131 da tam olarak bakamad\u0131klar\u0131 i\u00e7in daha sonra tekrar g\u00f6rmek isterler. Bu ihtiyac\u0131n fark\u0131na varan Instagram, kullan\u0131c\u0131lar i\u00e7in \u201cKaydedilenler\u201d ad\u0131nda bir b\u00f6l\u00fcm olu\u015fturdu. S\u00f6z konusu \u00f6zellik sayesinde kullan\u0131c\u0131lar istedikleri video ve foto\u011fraflar\u0131 bu b\u00f6l\u00fcme kaydedebilmektedir. B\u00f6ylece daha sonra kullan\u0131c\u0131lar istedikleri payla\u015f\u0131mlara buradan ula\u015fmaktad\u0131r.<\/p>\n<p><img decoding=\"async\" class=\"aligncenter wp-image-5563 size-medium\" src=\"https:\/\/bepopi.com\/blog\/wp-content\/uploads\/2018\/06\/Instagram-Kaydedilenler-480x320.jpg\" alt=\"instagram kaydetme \u00f6zelli\u011fi\" width=\"480\" height=\"320\" \/><\/p>\n<h2><span class=\"ez-toc-section\" id=\"Instagram_Kaydedilenler_Ozelligi_Nasil_Kullanilir\"><\/span><strong>Instagram Kaydedilenler \u00d6zelli\u011fi Nas\u0131l Kullan\u0131l\u0131r?<\/strong><span class=\"ez-toc-section-end\"><\/span><\/h2>\n<p>Instagram\u2019da g\u00f6r\u00fclen payla\u015f\u0131mlardan be\u011fenilenleri kaydedilenler b\u00f6l\u00fcm\u00fcne eklemek \u00e7ok kolayd\u0131r. Bu b\u00f6l\u00fcme ekleme yapmak i\u00e7in be\u011fenilen video ya da foto\u011fraf\u0131n sa\u011f alt k\u00f6\u015fesinde yer alan kaydetme ikonuna bas\u0131lmas\u0131 yeterlidir. \u0130\u00e7i bo\u015f olan ikon bu i\u015flemin ard\u0131nda i\u00e7i dolu hale gelecek ve b\u00f6ylece payla\u015f\u0131m kaydedilenler b\u00f6l\u00fcm\u00fcne al\u0131nm\u0131\u015f olacakt\u0131r.<\/p>\n<h2><span class=\"ez-toc-section\" id=\"Instagram_Kaydedilenleri_Silme_Islemi_Nasil_Yapilir\"><\/span><strong>Instagram Kaydedilenleri Silme \u0130\u015flemi Nas\u0131l Yap\u0131l\u0131r?<\/strong><span class=\"ez-toc-section-end\"><\/span><\/h2>\n<p><strong>Instagram kaydedilenleri silme<\/strong> i\u015flemini yapmak son derece kolayd\u0131r ve k\u0131sa s\u00fcrer. Kullan\u0131c\u0131lar be\u011fendikleri payla\u015f\u0131mlar\u0131 buraya eklemelerine ra\u011fmen bir s\u00fcre sonra farkl\u0131 nedenlerden dolay\u0131 baz\u0131 payla\u015f\u0131mlar\u0131n kaydedilenler b\u00f6l\u00fcm\u00fcnden kald\u0131r\u0131lmas\u0131n\u0131 isterler. Bunun i\u00e7in a\u015fa\u011f\u0131da belirtilen ad\u0131mlar\u0131 izlemeleri yeterli olacakt\u0131r. Bu ad\u0131mlar \u015fu \u015fekildedir:<\/p>\n<ul>\n<li>Instagram hesab\u0131na giri\u015f yap\u0131ld\u0131ktan sonra kaydedilen b\u00f6l\u00fcm\u00fcne ge\u00e7ilmelidir.<\/li>\n<li>Kaydedilenler b\u00f6l\u00fcm\u00fcnde yer alan video ve foto\u011fraflardan kald\u0131r\u0131lmak istenen belirlenmelidir.<\/li>\n<li>Bu a\u015famadan sonra kald\u0131r\u0131lmak istenen foto\u011fraf ya da videonun sa\u011f alt k\u00f6\u015fesinde yer alan ve i\u00e7i dolu olan kaydetme ikonuna bir defa bas\u0131lmas\u0131 yeterli olacakt\u0131r.<\/li>\n<li>Bunun sonucunda s\u00f6z konusu payla\u015f\u0131m kaydedilenler b\u00f6l\u00fcm\u00fcnden tamamen silinmi\u015f olacakt\u0131r ve kullan\u0131c\u0131lar o payla\u015f\u0131m\u0131 art\u0131k g\u00f6remezler.<\/li>\n<\/ul>\n<p>Instagram kaydedilenler nas\u0131l silinir konusunda sizleri bilgilendirmeye \u00e7al\u0131\u015ft\u0131\u011f\u0131m\u0131z yaz\u0131m\u0131z\u0131n sonuna geldik. Konu hakk\u0131ndaki ve t\u00fcm sosyal medya platformlar\u0131nda ya\u015fad\u0131\u011f\u0131n\u0131z sorunlar\u0131 k\u0131sm\u0131ndan bizlere iletebilirsiniz. Ekibimiz taraf\u0131ndan incelenen sorular\u0131n\u0131z en k\u0131sa s\u00fcrede yan\u0131tlanmaktad\u0131r. Instagram\u2019\u0131n yeni \u00f6zelliklerinden haberdar olmak ve merak ettiklerinizi \u00f6\u011frenmek i\u00e7in sitemizi takipte kal\u0131n. Ayr\u0131ca <strong>Instagram T\u00fcrk takip\u00e7i sat\u0131n alma<\/strong> ve <strong>Instagram T\u00fcrk be\u011feni sat\u0131n alma<\/strong> konular\u0131nda yard\u0131ma ihtiyac\u0131n\u0131z varsa bizimle ileti\u015fime ge\u00e7ebilirsiniz.<\/p>\n<p style=\"text-align: center;\">Instagram kaydedilenler nas\u0131l silinir konusundaki videoyu a\u015fa\u011f\u0131dan izleyebilirsiniz.<br \/>\n<iframe src=\"https:\/\/www.youtube.com\/embed\/wPqcoOCgwnU\" width=\"560\" height=\"315\" frameborder=\"0\" allowfullscreen=\"allowfullscreen\"><\/iframe><\/p>\n<div style='text-align:left' class='yasr-auto-insert-visitor'><\/div>","protected":false},"excerpt":{"rendered":"<p>Instagram uygulamas\u0131n\u0131n i\u00e7erisinde yer alan b\u00f6l\u00fcmlerden bir tanesi olan Kaydedilenler, insanlar\u0131n yo\u011fun olarak kulland\u0131klar\u0131 b\u00f6l\u00fcmlerdendir. Instagram kaydedilenleri silme sayesinde buras\u0131 s\u00fcrekli g\u00fcncel tutulabilmekte ve insanlar buradan daha \u00f6nce kaydettikleri video ya da foto\u011fraflara ula\u015fabilmektedir. Instagram Kaydedilenler \u00d6zelli\u011fi Nedir? Instagram i\u00e7erisinde zaman ge\u00e7iren kullan\u0131c\u0131lar burada \u00e7ok say\u0131da video ve foto\u011fraf g\u00f6r\u00fcrler. Bunlardan baz\u0131lar\u0131n\u0131 \u00e7ok be\u011fendikleri i\u00e7in baz\u0131lar\u0131n\u0131 da tam olarak bakamad\u0131klar\u0131 i\u00e7in daha sonra tekrar g\u00f6rmek isterler. Bu ihtiyac\u0131n fark\u0131na varan Instagram, kullan\u0131c\u0131lar i\u00e7in \u201cKaydedilenler\u201d ad\u0131nda bir b\u00f6l\u00fcm olu\u015fturdu. S\u00f6z konusu \u00f6zellik sayesinde kullan\u0131c\u0131lar istedikleri video ve foto\u011fraflar\u0131 bu b\u00f6l\u00fcme kaydedebilmektedir. B\u00f6ylece daha sonra kullan\u0131c\u0131lar istedikleri payla\u015f\u0131mlara buradan ula\u015fmaktad\u0131r. Instagram Kaydedilenler \u00d6zelli\u011fi Nas\u0131l Kullan\u0131l\u0131r? Instagram\u2019da g\u00f6r\u00fclen payla\u015f\u0131mlardan be\u011fenilenleri kaydedilenler b\u00f6l\u00fcm\u00fcne eklemek [&hellip;]<\/p>\n","protected":false},"author":1,"featured_media":5564,"comment_status":"open","ping_status":"open","sticky":false,"template":"","format":"standard","meta":{"rank_math_lock_modified_date":false,"yasr_overall_rating":0,"yasr_post_is_review":"","yasr_auto_insert_disabled":"","yasr_review_type":"","footnotes":""},"categories":[1],"tags":[],"class_list":["post-5562","post","type-post","status-publish","format-standard","has-post-thumbnail","hentry","category-sosyal-medya","entry"],"yasr_visitor_votes":{"stars_attributes":{"read_only":false,"span_bottom":false},"number_of_votes":2,"sum_votes":10},"_links":{"self":[{"href":"https:\/\/www.bepopi.com\/blog\/wp-json\/wp\/v2\/posts\/5562","targetHints":{"allow":["GET"]}}],"collection":[{"href":"https:\/\/www.bepopi.com\/blog\/wp-json\/wp\/v2\/posts"}],"about":[{"href":"https:\/\/www.bepopi.com\/blog\/wp-json\/wp\/v2\/types\/post"}],"author":[{"embeddable":true,"href":"https:\/\/www.bepopi.com\/blog\/wp-json\/wp\/v2\/users\/1"}],"replies":[{"embeddable":true,"href":"https:\/\/www.bepopi.com\/blog\/wp-json\/wp\/v2\/comments?post=5562"}],"version-history":[{"count":2,"href":"https:\/\/www.bepopi.com\/blog\/wp-json\/wp\/v2\/posts\/5562\/revisions"}],"predecessor-version":[{"id":14726,"href":"https:\/\/www.bepopi.com\/blog\/wp-json\/wp\/v2\/posts\/5562\/revisions\/14726"}],"wp:featuredmedia":[{"embeddable":true,"href":"https:\/\/www.bepopi.com\/blog\/wp-json\/wp\/v2\/media\/5564"}],"wp:attachment":[{"href":"https:\/\/www.bepopi.com\/blog\/wp-json\/wp\/v2\/media?parent=5562"}],"wp:term":[{"taxonomy":"category","embeddable":true,"href":"https:\/\/www.bepopi.com\/blog\/wp-json\/wp\/v2\/categories?post=5562"},{"taxonomy":"post_tag","embeddable":true,"href":"https:\/\/www.bepopi.com\/blog\/wp-json\/wp\/v2\/tags?post=5562"}],"curies":[{"name":"wp","href":"https:\/\/api.w.org\/{rel}","templated":true}]}}