{"id":5619,"date":"2018-06-30T18:35:34","date_gmt":"2018-06-30T15:35:34","guid":{"rendered":"https:\/\/bepopi.com\/blog\/?p=5619"},"modified":"2023-05-04T11:13:42","modified_gmt":"2023-05-04T08:13:42","slug":"facebook-grup-uyesi-nasil-arttirilir","status":"publish","type":"post","link":"https:\/\/www.bepopi.com\/blog\/facebook-grup-uyesi-nasil-arttirilir","title":{"rendered":"Facebook Grup \u00dcyesi Nas\u0131l Artt\u0131r\u0131l\u0131r?"},"content":{"rendered":"\n<p>Facebook \u00fczerinde grup kuran kullan\u0131c\u0131lar\u0131n \u00f6ncelikli ama\u00e7lar\u0131ndan bir tanesi gruplar\u0131ndaki \u00fcye say\u0131s\u0131n\u0131 artt\u0131rmakt\u0131r. <strong>Facebook grup \u00fcyesi<\/strong> artt\u0131rmak i\u00e7in kullan\u0131labilecek \u00e7ok say\u0131da y\u00f6ntem vard\u0131r ve kullan\u0131c\u0131lar bunlar\u0131 kullanarak k\u0131sa s\u00fcrede gruplar\u0131n\u0131n \u00fcye say\u0131s\u0131n\u0131 artt\u0131rabilir.<\/p>\n\n\n\n<div id=\"ez-toc-container\" class=\"ez-toc-v2_0_69_1 counter-hierarchy ez-toc-counter ez-toc-grey ez-toc-container-direction\">\n<p class=\"ez-toc-title\" style=\"cursor:inherit\">\u0130\u00e7indekiler<\/p>\n<label for=\"ez-toc-cssicon-toggle-item-69f376e4bde19\" class=\"ez-toc-cssicon-toggle-label\"><span class=\"\"><span class=\"eztoc-hide\" style=\"display:none;\">Toggle<\/span><span class=\"ez-toc-icon-toggle-span\"><svg style=\"fill: #999;color:#999\" xmlns=\"http:\/\/www.w3.org\/2000\/svg\" class=\"list-377408\" width=\"20px\" height=\"20px\" viewBox=\"0 0 24 24\" fill=\"none\"><path d=\"M6 6H4v2h2V6zm14 0H8v2h12V6zM4 11h2v2H4v-2zm16 0H8v2h12v-2zM4 16h2v2H4v-2zm16 0H8v2h12v-2z\" fill=\"currentColor\"><\/path><\/svg><svg style=\"fill: #999;color:#999\" class=\"arrow-unsorted-368013\" xmlns=\"http:\/\/www.w3.org\/2000\/svg\" width=\"10px\" height=\"10px\" viewBox=\"0 0 24 24\" version=\"1.2\" baseProfile=\"tiny\"><path d=\"M18.2 9.3l-6.2-6.3-6.2 6.3c-.2.2-.3.4-.3.7s.1.5.3.7c.2.2.4.3.7.3h11c.3 0 .5-.1.7-.3.2-.2.3-.5.3-.7s-.1-.5-.3-.7zM5.8 14.7l6.2 6.3 6.2-6.3c.2-.2.3-.5.3-.7s-.1-.5-.3-.7c-.2-.2-.4-.3-.7-.3h-11c-.3 0-.5.1-.7.3-.2.2-.3.5-.3.7s.1.5.3.7z\"\/><\/svg><\/span><\/span><\/label><input type=\"checkbox\"  id=\"ez-toc-cssicon-toggle-item-69f376e4bde19\"  aria-label=\"Toggle\" \/><nav><ul class='ez-toc-list ez-toc-list-level-1 ' ><li class='ez-toc-page-1 ez-toc-heading-level-2'><a class=\"ez-toc-link ez-toc-heading-1\" href=\"https:\/\/www.bepopi.com\/blog\/facebook-grup-uyesi-nasil-arttirilir\/#Facebook_Grup_Uyesi_Onemi_Hakkinda\" title=\"Facebook Grup \u00dcyesi \u00d6nemi Hakk\u0131nda\">Facebook Grup \u00dcyesi \u00d6nemi Hakk\u0131nda<\/a><\/li><li class='ez-toc-page-1 ez-toc-heading-level-2'><a class=\"ez-toc-link ez-toc-heading-2\" href=\"https:\/\/www.bepopi.com\/blog\/facebook-grup-uyesi-nasil-arttirilir\/#Ozel_Kod_ile_Grup_Uye_Sayisini_Arttirma\" title=\"\u00d6zel Kod ile Grup \u00dcye Say\u0131s\u0131n\u0131 Artt\u0131rma\">\u00d6zel Kod ile Grup \u00dcye Say\u0131s\u0131n\u0131 Artt\u0131rma<\/a><ul class='ez-toc-list-level-3' ><li class='ez-toc-heading-level-3'><a class=\"ez-toc-link ez-toc-heading-3\" href=\"https:\/\/www.bepopi.com\/blog\/facebook-grup-uyesi-nasil-arttirilir\/#Tanitim_Ile_Grup_Uyesi_Arttirma\" title=\"Tan\u0131t\u0131m \u0130le Grup \u00dcyesi Artt\u0131rma\">Tan\u0131t\u0131m \u0130le Grup \u00dcyesi Artt\u0131rma<\/a><\/li><\/ul><\/li><\/ul><\/nav><\/div>\n<h2 class=\"wp-block-heading\"><span class=\"ez-toc-section\" id=\"Facebook_Grup_Uyesi_Onemi_Hakkinda\"><\/span><strong>Facebook Grup \u00dcyesi \u00d6nemi Hakk\u0131nda<img decoding=\"async\" class=\"alignright wp-image-5620 size-medium\" src=\"https:\/\/bepopi.com\/blog\/wp-content\/uploads\/2018\/07\/Facebook-Grup-uyesi-480x320.png\" alt=\"facebook grup \u00fcyesi artt\u0131rma\" width=\"480\" height=\"320\"><\/strong><span class=\"ez-toc-section-end\"><\/span><\/h2>\n\n\n\n<p>Facebook ve di\u011fer sosyal medya uygulamalar\u0131nda \u00f6ncelikli ama\u00e7 daha fazla insana ula\u015fmakt\u0131r. Bunun i\u00e7in kullan\u0131c\u0131lar bazen izlenme say\u0131s\u0131n\u0131n bazen ise be\u011feni say\u0131s\u0131n\u0131n fazla olmas\u0131 i\u00e7in ekstra \u00e7aba harcarlar. Grup \u00fcye say\u0131s\u0131n\u0131n fazla olmas\u0131 da ayn\u0131 \u015fekilde \u00f6nemlidir.<\/p>\n\n\n\n<p><strong>Facebook Grup \u00dcyesi Artt\u0131rma Y\u00f6ntemleri<\/strong><\/p>\n\n\n\n<p>Bu i\u015flemi yapabilmek i\u00e7in farkl\u0131 y\u00f6ntemler kullan\u0131labilir. S\u00f6z konusu y\u00f6ntemlerden baz\u0131lar\u0131 tamamen g\u00fcvenli iken baz\u0131lar\u0131 ise ciddi g\u00fcvenlik riski i\u00e7erir. Dolay\u0131s\u0131yla da kullan\u0131c\u0131lar\u0131n bu y\u00f6ntemleri uygularken hesap bilgilerinin tam olarak g\u00fcvende oldu\u011fundan emin olmalar\u0131 gerekir. Aksi durumda Facebook hesaplar\u0131n\u0131n tamamen \u00e7al\u0131nmas\u0131 gibi olumsuz bir durum ya\u015fanabilir.<\/p>\n\n\n\n<h2 class=\"wp-block-heading\"><span class=\"ez-toc-section\" id=\"Ozel_Kod_ile_Grup_Uye_Sayisini_Arttirma\"><\/span><strong>\u00d6zel Kod ile Grup \u00dcye Say\u0131s\u0131n\u0131 Artt\u0131rma<\/strong><span class=\"ez-toc-section-end\"><\/span><\/h2>\n\n\n\n<p><strong>Facebook grup \u00fcye<\/strong>&nbsp;say\u0131s\u0131n\u0131 artt\u0131rmak isteyen kullan\u0131c\u0131lar\u0131n uygulayaca\u011f\u0131 y\u00f6ntemlerden bir tanesi \u00f6zel kod ile yap\u0131l\u0131yor. Facebook \u00fczerinde yer alan a\u00e7\u0131k sayesinde kullan\u0131c\u0131lar b\u00fct\u00fcn arkada\u015f listesini gruba \u00fcye yapabiliyor. Bunun i\u00e7in farkl\u0131 internet sitelerinde yer alan \u00f6zel kodun bulunmas\u0131 gerekiyor. Daha sonra ise Facebook sayfas\u0131nda iken sa\u011f t\u0131klayarak \u201cincele\u201d se\u00e7ene\u011fi tercih edilmelidir. A\u00e7\u0131lan sayfada ise \u201cconsole\u201d b\u00f6l\u00fcm\u00fcne t\u0131klanarak bulunan kod buraya yap\u0131\u015ft\u0131r\u0131lmal\u0131 ve sonra \u201center\u201d tu\u015funa bas\u0131lmal\u0131d\u0131r. Bir s\u00fcre sonra arkada\u015flar\u0131n gruba eklendi\u011fi g\u00f6r\u00fclecektir.<\/p>\n\n\n\n<h3 class=\"wp-block-heading\"><span class=\"ez-toc-section\" id=\"Tanitim_Ile_Grup_Uyesi_Arttirma\"><\/span><strong>Tan\u0131t\u0131m \u0130le Grup \u00dcyesi Artt\u0131rma<\/strong><span class=\"ez-toc-section-end\"><\/span><\/h3>\n\n\n\n<p>Do\u011fal yollardan grup \u00fcyesi say\u0131s\u0131n\u0131 artt\u0131rmak isteyen ki\u015filerin ise bol bol tan\u0131t\u0131m yapmalar\u0131 gerekir. Bunun i\u00e7in pop\u00fcler ki\u015filerin yapm\u0131\u015f olduklar\u0131 payla\u015f\u0131mlar kullan\u0131labilir. Bu payla\u015f\u0131mlara yap\u0131lacak yorumlarda grup tan\u0131t\u0131labilir. B\u00f6ylece insanlar\u0131n buraya \u00fcye olmas\u0131 sa\u011flanabilir. Fakat grup i\u00e7eri\u011finin kaliteli olmas\u0131 burada \u00e7ok \u00f6nemlidir.<\/p>\n\n\n\n<p>Facebook grup \u00fcyesi nas\u0131l artt\u0131r\u0131l\u0131r konusunda sizleri bilgilendirmeye \u00e7al\u0131\u015ft\u0131\u011f\u0131m\u0131z yaz\u0131m\u0131z\u0131n sonuna geldik. Konu hakk\u0131ndaki ve t\u00fcm sosyal medya platformlar\u0131nda ya\u015fad\u0131\u011f\u0131n\u0131z sorunlar\u0131 yorumlar k\u0131sm\u0131ndan bizlere iletebilirsiniz. Ekibimiz taraf\u0131ndan incelenen sorular\u0131n\u0131z en k\u0131sa s\u00fcrede yan\u0131tlanmaktad\u0131r. Facebook\u2019un yeni \u00f6zelliklerinden haberdar olmak ve merak ettiklerinizi \u00f6\u011frenmek i\u00e7in sitemizi takipte kal\u0131n. Ayr\u0131ca <strong>Facebook T\u00fcrk ger\u00e7ek sayfa be\u011fenisi sat\u0131n alma <\/strong>ve<strong> Facebook T\u00fcrk ger\u00e7ek grup \u00fcyeleri sat\u0131n alma <\/strong>konular\u0131nda yard\u0131ma ihtiyac\u0131n\u0131z varsa bizimle ileti\u015fime ge\u00e7ebilirsiniz.<\/p>\n\n\n\n<p class=\"has-text-align-center\">Facebook grup \u00fcyesi nas\u0131l artt\u0131r\u0131l\u0131r konusundaki videoyu a\u015fa\u011f\u0131dan izleyebilirsiniz.<\/p>\n\n\n\n<figure class=\"wp-block-embed aligncenter is-type-video is-provider-youtube wp-block-embed-youtube wp-embed-aspect-16-9 wp-has-aspect-ratio\"><div class=\"wp-block-embed__wrapper\">\n<iframe title=\"Facebook Grup Kurma, Facebook Grubuna \u00dcye Say\u0131s\u0131n Art\u0131rma, Facebook Grubundaki Videolar\u0131 \u0130ndirme,\" width=\"640\" height=\"360\" src=\"https:\/\/www.youtube.com\/embed\/3J8aT3TraKw?feature=oembed\"  allow=\"accelerometer; autoplay; clipboard-write; encrypted-media; gyroscope; picture-in-picture; web-share\" referrerpolicy=\"strict-origin-when-cross-origin\" allowfullscreen><\/iframe>\n<\/div><\/figure>\n<div style='text-align:left' class='yasr-auto-insert-visitor'><\/div>","protected":false},"excerpt":{"rendered":"<p>Facebook \u00fczerinde grup kuran kullan\u0131c\u0131lar\u0131n \u00f6ncelikli ama\u00e7lar\u0131ndan bir tanesi gruplar\u0131ndaki \u00fcye say\u0131s\u0131n\u0131 artt\u0131rmakt\u0131r. Facebook grup \u00fcyesi artt\u0131rmak i\u00e7in kullan\u0131labilecek \u00e7ok say\u0131da y\u00f6ntem vard\u0131r ve kullan\u0131c\u0131lar bunlar\u0131 kullanarak k\u0131sa s\u00fcrede gruplar\u0131n\u0131n \u00fcye say\u0131s\u0131n\u0131 artt\u0131rabilir. Facebook Grup \u00dcyesi \u00d6nemi Hakk\u0131nda Facebook ve di\u011fer sosyal medya uygulamalar\u0131nda \u00f6ncelikli ama\u00e7 daha fazla insana ula\u015fmakt\u0131r. Bunun i\u00e7in kullan\u0131c\u0131lar bazen izlenme say\u0131s\u0131n\u0131n bazen ise be\u011feni say\u0131s\u0131n\u0131n fazla olmas\u0131 i\u00e7in ekstra \u00e7aba harcarlar. Grup \u00fcye say\u0131s\u0131n\u0131n fazla olmas\u0131 da ayn\u0131 \u015fekilde \u00f6nemlidir. Facebook Grup \u00dcyesi Artt\u0131rma Y\u00f6ntemleri Bu i\u015flemi yapabilmek i\u00e7in farkl\u0131 y\u00f6ntemler kullan\u0131labilir. S\u00f6z konusu y\u00f6ntemlerden baz\u0131lar\u0131 tamamen g\u00fcvenli iken baz\u0131lar\u0131 ise ciddi g\u00fcvenlik riski i\u00e7erir. Dolay\u0131s\u0131yla da kullan\u0131c\u0131lar\u0131n bu y\u00f6ntemleri uygularken hesap bilgilerinin tam olarak [&hellip;]<\/p>\n","protected":false},"author":1,"featured_media":5621,"comment_status":"open","ping_status":"open","sticky":false,"template":"","format":"standard","meta":{"rank_math_lock_modified_date":false,"yasr_overall_rating":0,"yasr_post_is_review":"","yasr_auto_insert_disabled":"","yasr_review_type":"","footnotes":""},"categories":[1],"tags":[],"class_list":["post-5619","post","type-post","status-publish","format-standard","has-post-thumbnail","hentry","category-sosyal-medya","entry"],"yasr_visitor_votes":{"stars_attributes":{"read_only":false,"span_bottom":false},"number_of_votes":2,"sum_votes":10},"_links":{"self":[{"href":"https:\/\/www.bepopi.com\/blog\/wp-json\/wp\/v2\/posts\/5619","targetHints":{"allow":["GET"]}}],"collection":[{"href":"https:\/\/www.bepopi.com\/blog\/wp-json\/wp\/v2\/posts"}],"about":[{"href":"https:\/\/www.bepopi.com\/blog\/wp-json\/wp\/v2\/types\/post"}],"author":[{"embeddable":true,"href":"https:\/\/www.bepopi.com\/blog\/wp-json\/wp\/v2\/users\/1"}],"replies":[{"embeddable":true,"href":"https:\/\/www.bepopi.com\/blog\/wp-json\/wp\/v2\/comments?post=5619"}],"version-history":[{"count":4,"href":"https:\/\/www.bepopi.com\/blog\/wp-json\/wp\/v2\/posts\/5619\/revisions"}],"predecessor-version":[{"id":15167,"href":"https:\/\/www.bepopi.com\/blog\/wp-json\/wp\/v2\/posts\/5619\/revisions\/15167"}],"wp:featuredmedia":[{"embeddable":true,"href":"https:\/\/www.bepopi.com\/blog\/wp-json\/wp\/v2\/media\/5621"}],"wp:attachment":[{"href":"https:\/\/www.bepopi.com\/blog\/wp-json\/wp\/v2\/media?parent=5619"}],"wp:term":[{"taxonomy":"category","embeddable":true,"href":"https:\/\/www.bepopi.com\/blog\/wp-json\/wp\/v2\/categories?post=5619"},{"taxonomy":"post_tag","embeddable":true,"href":"https:\/\/www.bepopi.com\/blog\/wp-json\/wp\/v2\/tags?post=5619"}],"curies":[{"name":"wp","href":"https:\/\/api.w.org\/{rel}","templated":true}]}}