{"id":5724,"date":"2018-08-19T19:43:04","date_gmt":"2018-08-19T16:43:04","guid":{"rendered":"https:\/\/bepopi.com\/blog\/?p=5724"},"modified":"2023-05-04T12:10:27","modified_gmt":"2023-05-04T09:10:27","slug":"facebook-grup-kurma-ve-grup-ayarlarini-yapma","status":"publish","type":"post","link":"https:\/\/www.bepopi.com\/blog\/facebook-grup-kurma-ve-grup-ayarlarini-yapma","title":{"rendered":"Facebook Grup Kurma ve Grup Ayarlar\u0131n\u0131 Yapma"},"content":{"rendered":"\n<p>E\u011fer bir kitleniz var ise bu kitleyi birbiri ile etkile\u015fim i\u00e7erisine sokmak isteyebilirsiniz. Bununla birlikte yeni bir kitle olu\u015fturabilir ve hatta bir \u00fcr\u00fcn hakk\u0131nda o \u00fcr\u00fcn\u00fc kullananlar ile birlikte bir topluluk olu\u015fturmak i\u00e7in <strong>Facebook grup <\/strong>kurma i\u015flemini ger\u00e7ekle\u015ftirebilirsiniz.<\/p>\n\n\n\n<p>Facebook grup olu\u015fturman\u0131n baz\u0131 i\u015flem basamaklar\u0131 mevcuttur. Bu basamaklar\u0131 takip ederek kendi grubunuzu olu\u015fturabilir ve bu grubun y\u00f6neticili\u011fini yapabilirsiniz. Facebook grup kurma i\u015flemi ile birlikte var olan bir kitleniz varsa o kitleyi olu\u015fturaca\u011f\u0131n\u0131z gruba ekleyerek ya da yeni bir kitle yaratarak grup i\u00e7erisinde bir etkile\u015fim olmas\u0131n\u0131 sa\u011flayabilirsiniz. <strong>Facebook grup <\/strong>kurma i\u015flemi Facebook&#8217;ta bir sayfa olu\u015fturma i\u015flemine g\u00f6re daha etkilidir. \u015e\u00f6yle ki Facebook&#8217;ta grup olu\u015ftursan\u0131z, sayfaya k\u0131yasla grupta daha \u00e7ok etkile\u015fim yarat\u0131rs\u0131n\u0131z. Ayn\u0131 zamanda insanlar grup i\u00e7erisinde birbirini daha iyi tan\u0131r ve bu da grubunuza ayr\u0131 bir samimiyet katar.<\/p>\n\n\n\n<div id=\"ez-toc-container\" class=\"ez-toc-v2_0_69_1 counter-hierarchy ez-toc-counter ez-toc-grey ez-toc-container-direction\">\n<p class=\"ez-toc-title\" style=\"cursor:inherit\">\u0130\u00e7indekiler<\/p>\n<label for=\"ez-toc-cssicon-toggle-item-69f3678974b7b\" class=\"ez-toc-cssicon-toggle-label\"><span class=\"\"><span class=\"eztoc-hide\" style=\"display:none;\">Toggle<\/span><span class=\"ez-toc-icon-toggle-span\"><svg style=\"fill: #999;color:#999\" xmlns=\"http:\/\/www.w3.org\/2000\/svg\" class=\"list-377408\" width=\"20px\" height=\"20px\" viewBox=\"0 0 24 24\" fill=\"none\"><path d=\"M6 6H4v2h2V6zm14 0H8v2h12V6zM4 11h2v2H4v-2zm16 0H8v2h12v-2zM4 16h2v2H4v-2zm16 0H8v2h12v-2z\" fill=\"currentColor\"><\/path><\/svg><svg style=\"fill: #999;color:#999\" class=\"arrow-unsorted-368013\" xmlns=\"http:\/\/www.w3.org\/2000\/svg\" width=\"10px\" height=\"10px\" viewBox=\"0 0 24 24\" version=\"1.2\" baseProfile=\"tiny\"><path d=\"M18.2 9.3l-6.2-6.3-6.2 6.3c-.2.2-.3.4-.3.7s.1.5.3.7c.2.2.4.3.7.3h11c.3 0 .5-.1.7-.3.2-.2.3-.5.3-.7s-.1-.5-.3-.7zM5.8 14.7l6.2 6.3 6.2-6.3c.2-.2.3-.5.3-.7s-.1-.5-.3-.7c-.2-.2-.4-.3-.7-.3h-11c-.3 0-.5.1-.7.3-.2.2-.3.5-.3.7s.1.5.3.7z\"\/><\/svg><\/span><\/span><\/label><input type=\"checkbox\"  id=\"ez-toc-cssicon-toggle-item-69f3678974b7b\"  aria-label=\"Toggle\" \/><nav><ul class='ez-toc-list ez-toc-list-level-1 ' ><li class='ez-toc-page-1 ez-toc-heading-level-2'><a class=\"ez-toc-link ez-toc-heading-1\" href=\"https:\/\/www.bepopi.com\/blog\/facebook-grup-kurma-ve-grup-ayarlarini-yapma\/#Facebook_Grup_Nasil_Kurulur\" title=\"Facebook Grup Nas\u0131l Kurulur?\">Facebook Grup Nas\u0131l Kurulur?<\/a><ul class='ez-toc-list-level-3' ><li class='ez-toc-heading-level-3'><a class=\"ez-toc-link ez-toc-heading-2\" href=\"https:\/\/www.bepopi.com\/blog\/facebook-grup-kurma-ve-grup-ayarlarini-yapma\/#Facebook_Grup_Ayarlari_Nasil_Yapilir\" title=\"Facebook Grup Ayarlar\u0131 Nas\u0131l Yap\u0131l\u0131r?\">Facebook Grup Ayarlar\u0131 Nas\u0131l Yap\u0131l\u0131r?<\/a><\/li><li class='ez-toc-page-1 ez-toc-heading-level-3'><a class=\"ez-toc-link ez-toc-heading-3\" href=\"https:\/\/www.bepopi.com\/blog\/facebook-grup-kurma-ve-grup-ayarlarini-yapma\/#Facebook_Gizlilik\" title=\"Facebook Gizlilik\">Facebook Gizlilik<\/a><\/li><\/ul><\/li><li class='ez-toc-page-1 ez-toc-heading-level-2'><a class=\"ez-toc-link ez-toc-heading-4\" href=\"https:\/\/www.bepopi.com\/blog\/facebook-grup-kurma-ve-grup-ayarlarini-yapma\/#Facebook_Grup_Kurma_Ucretli_mi\" title=\"Facebook Grup Kurma \u00dccretli mi?\">Facebook Grup Kurma \u00dccretli mi?<\/a><\/li><li class='ez-toc-page-1 ez-toc-heading-level-2'><a class=\"ez-toc-link ez-toc-heading-5\" href=\"https:\/\/www.bepopi.com\/blog\/facebook-grup-kurma-ve-grup-ayarlarini-yapma\/#Facebook_Grup_Kurma\" title=\"Facebook Grup Kurma\">Facebook Grup Kurma<\/a><\/li><\/ul><\/nav><\/div>\n<h2 class=\"wp-block-heading\"><span class=\"ez-toc-section\" id=\"Facebook_Grup_Nasil_Kurulur\"><\/span><strong>Facebook Grup Nas\u0131l Kurulur?<img decoding=\"async\" class=\"alignright wp-image-5725 size-medium\" src=\"https:\/\/bepopi.com\/blog\/wp-content\/uploads\/2018\/08\/Facebook-Grup-Kurma-480x320.png\" alt=\"facebook grup kurma\" width=\"480\" height=\"320\"><\/strong><span class=\"ez-toc-section-end\"><\/span><\/h2>\n\n\n\n<p>G\u00fcn\u00fcm\u00fczde Facebook&#8217;ta bir\u00e7ok pop\u00fcler grup mevcuttur. Bu pop\u00fcler gruplarla birlikte siz Facebook\u2019ta pop\u00fcler bir grup sahibi olmak istiyorsan\u0131z, bu makale sizlere rehberlik edecektir. <strong>Facebook grup<\/strong> kurma basamaklar\u0131n\u0131 takip ederek kolay bir \u015fekilde kendi Facebook grubunuzu olu\u015fturabilirsiniz.<\/p>\n\n\n\n<p><strong>Facebook grup<\/strong> kurmak i\u00e7in herhangi bir \u00fccret talep etmemektedir. Facebook grubunuzda diledi\u011finiz herhangi bir ki\u015fiyi y\u00f6netici ya da moderat\u00f6r olarak atayabilirsiniz. B\u00f6ylelikle bu ki\u015filerin belirli bir yetkiye sahip olmalar\u0131n\u0131 sa\u011flayabilirsiniz. Facebook grubunuz, kat\u0131l\u0131mc\u0131 say\u0131s\u0131 artt\u0131k\u00e7a etkile\u015fim artacak ve grubunuzu bu ba\u011flamda geli\u015ftirebileceksiniz.<\/p>\n\n\n\n<p><strong>Facebook grup<\/strong> kurma ve y\u00f6netme i\u015flemini yaparken bu konu ile alakal\u0131 baz\u0131 hususlara dikkat etmeniz gerekir. Bahsetti\u011fimiz bu hususlardan bir tanesi gizlilik ayarlar\u0131d\u0131r. Gizlilik ayarlar\u0131n\u0131n se\u00e7eneklerini takip ederek grubunuzu Facebook&#8217;ta aratma yolu ile bulabilecek ki\u015fileri engelleyebilir ya da aktif hale getirebilirsiniz. Facebook grubunuz siz dilerseniz herkes taraf\u0131ndan g\u00f6r\u00fclebilir. Herkes taraf\u0131ndan g\u00f6r\u00fclmesini istemezseniz de gizlilik ayarlar\u0131ndan bunu kapatabilir ve sadece grubunuza dahil olan kullan\u0131c\u0131lar grubunuzu g\u00f6rebilir. Yukar\u0131da bahsetti\u011fimiz <strong>Facebook grup <\/strong>basamaklar\u0131 konusuna gelirsek:<\/p>\n\n\n\n<ul class=\"wp-block-list\">\n<li>Taray\u0131c\u0131n\u0131z arac\u0131l\u0131\u011f\u0131 ile &#8220;Facebook&#8221; hesab\u0131na giri\u015f yap\u0131n.<\/li>\n\n\n\n<li>Platformun sa\u011f \u00fcst taraf\u0131nda bulunan &#8220;a\u015fa\u011f\u0131 ve yukar\u0131&#8221; \u015feklinde oklar mevcuttur. Oklar bulundu\u011fu butona t\u0131klay\u0131n<\/li>\n\n\n\n<li>Sonras\u0131nda &#8220;Grup Kur&#8221; butonuna t\u0131klay\u0131n<\/li>\n\n\n\n<li>Son olarak grubun ad\u0131n\u0131, gruba kat\u0131lmas\u0131n\u0131 istedi\u011finiz ki\u015fileri ve gizlili\u011fini belirleyerek &#8220;Olu\u015ftur&#8221; butonuna t\u0131klay\u0131n.<\/li>\n<\/ul>\n\n\n\n<p>Bu basamaklar\u0131 tek tek hallettikten sonra <strong>Facebook grup<\/strong> kurma i\u015fleminiz ba\u015far\u0131yla ger\u00e7ekle\u015fmi\u015f olacak. Ayn\u0131 zamanda art\u0131k Facebook grubu sahibisiniz. Bundan sonraki s\u00fcre\u00e7te gizlilik ayarlar\u0131 gibi ayarlar\u0131 sonradan de\u011fi\u015ftirebilirsiniz. B\u00f6yle bir imkan\u0131n\u0131z mevcuttur. <strong>Facebook grup <\/strong>i\u015flemini halledip, grubu olu\u015fturdu\u011funuz i\u00e7in t\u00fcm ayarlar\u0131n\u0131z\u0131 sonradan da yapabilirsiniz. Ayn\u0131 zamanda diledi\u011finiz ki\u015fileri sonradan grubunuza dahil edebilirsiniz.<\/p>\n\n\n\n<p><strong>Facebook grup <\/strong>kurma i\u015flemi ge\u00e7ildikten sonra art\u0131k kat\u0131l\u0131mc\u0131 kazanmaya y\u00f6nelik ad\u0131mlar atman\u0131z gerekmektedir. Bunun i\u00e7in \u00e7e\u015fit \u00e7e\u015fit d\u00fc\u015f\u00fcnce topluluklar\u0131 ve farkl\u0131 t\u00fcrlerde gruplar mevcuttur. Sizlerde grubunuzu olu\u015fturduktan sonra kat\u0131l\u0131mc\u0131 kazanmak i\u00e7in giri\u015fimlerde bulunmal\u0131s\u0131n\u0131z. A\u00e7t\u0131\u011f\u0131n\u0131z grubun dal\u0131 Facebook&#8217;un di\u011fer grup dallar\u0131ndan farkl\u0131 ise kullan\u0131c\u0131 kazanman\u0131z \u00e7ok daha kolay bir hale gelir.<\/p>\n\n\n\n<h3 class=\"wp-block-heading\"><span class=\"ez-toc-section\" id=\"Facebook_Grup_Ayarlari_Nasil_Yapilir\"><\/span><strong>Facebook Grup Ayarlar\u0131 Nas\u0131l Yap\u0131l\u0131r?<\/strong><span class=\"ez-toc-section-end\"><\/span><\/h3>\n\n\n\n<p>Facebook&#8217;ta bir grup kurmadan \u00f6nce grubun kurulu\u015f amac\u0131n\u0131 ve hedefini belirlemeniz b\u00fcy\u00fck \u00f6nem arz eder. Grubunuzu ni\u00e7in kurdu\u011funuzu iyi bilmeniz gerekmektedir. Grubunuzu kime duyuruyorsunuz? Politik bir hareket mi ba\u015flatmak istiyorsunuz? Grubunuzu bir konuyu tart\u0131\u015fma amac\u0131yla m\u0131 kuruyorsunuz? Grubunuzda ki \u00fcyeler, \u00fcyeliklerini gizli tutabilecekler mi? Bu ve bunun gibi sorular\u0131n kafadan cevab\u0131n\u0131 bilmek sizlere yol g\u00f6sterir. Bu sorular\u0131n cevab\u0131n\u0131 verebiliyorsan\u0131z grubunuzun gizlilik ayar\u0131n\u0131 ne \u015fekilde olmas\u0131 gerekti\u011fi de otomatik olarak kafan\u0131zda canlan\u0131r.<\/p>\n\n\n\n<p>Herkese a\u00e7\u0131k bir bi\u00e7imde, organizasyonu, i\u015fletmeyi, markay\u0131 ya da \u00fcnl\u00fc bir ismi tan\u0131tmak amac\u0131 ile kurulan Facebook sayfalar\u0131 genellikle herkese a\u00e7\u0131k \u015fekilde kurulurlar. Fakat her grup tabi ki de herkese a\u00e7\u0131k de\u011fildir. Demek istedi\u011fimi \u015fey baz\u0131 gruplar\u0131 sadece gruba \u00fcye olan insanlar g\u00f6rebilir. Onlar\u0131n d\u0131\u015f\u0131ndaki hi\u00e7bir Facebook kullan\u0131c\u0131s\u0131 kurulan grubu g\u00f6remez. Facebook&#8217;ta grup olu\u015fturdu\u011funuz zaman kar\u015f\u0131n\u0131za gizlilik ayarlar\u0131 i\u00e7in 3 se\u00e7enek \u00e7\u0131kar. Bu 3 se\u00e7enek Herkese a\u00e7\u0131k grup, kapal\u0131 grup ve gizli grup \u015feklinde s\u0131ralan\u0131r. Bu se\u00e7eneklerden herhangi birini tercih ettikten sonra gruba kimlerin \u00fcye olabilece\u011fini ya da grubu kimlerin g\u00f6rebilece\u011fini ba\u015ftan belirlemi\u015f olursunuz.<\/p>\n\n\n\n<p>Herkese a\u00e7\u0131k olan Facebook gruplar\u0131 iyi niyetli yakla\u015fmayan kullan\u0131c\u0131lardan tutun \u00fcnl\u00fc isimlere kadar herkes taraf\u0131ndan g\u00f6r\u00fclebilir. Ayr\u0131ca, kapal\u0131 ya da herkese a\u00e7\u0131k olan Facebook gruplar\u0131 arama sonu\u00e7lar\u0131na da dahildir. Grubunuz politik bir ama\u00e7 ile kurulmu\u015f ise bunu bilmenizin size olduk\u00e7a faydas\u0131 olacakt\u0131r.<\/p>\n\n\n\n<h3 class=\"wp-block-heading\"><span class=\"ez-toc-section\" id=\"Facebook_Gizlilik\"><\/span>Facebook Gizlilik<span class=\"ez-toc-section-end\"><\/span><\/h3>\n\n\n\n<p>Facebook grubunda, grubun y\u00f6neticisi olan her kullan\u0131c\u0131n\u0131n daha \u00f6nce belirlenmi\u015f olan gizlilik ayarlar\u0131n\u0131 de\u011fi\u015ftirme yetkisi vard\u0131r. Fakat be\u015f bin \u00fcyeden daha fazla \u00fcyesi olan grubun ayarlar\u0131, grup \u00fcyelerinin daha \u00f6nce yapt\u0131klar\u0131 payla\u015f\u0131mlar\u0131 k\u00f6t\u00fc niyetli kullan\u0131c\u0131lardan korumak amac\u0131yla yaln\u0131zca daha k\u0131s\u0131tlay\u0131c\u0131 bir ayar vas\u0131tas\u0131yla de\u011fi\u015ftirilebilir. \u00d6rnek olarak, e\u011fer grubunuz herkese a\u00e7\u0131k bir grup ise bunu kapal\u0131ya \u00e7evirebilirsiniz ya da grubunuz kapal\u0131ysa bunu gizliye \u00e7evirebilirsiniz. Fakat grubunuzun ayarlar\u0131n\u0131 daha da k\u0131s\u0131tlamak istiyorsan\u0131z, bu ayar sabitlenmeden \u00f6nce Facebook sizlere tam 1 g\u00fcnl\u00fck bir zaman tan\u0131r. Grubunuzda ister 3 ister 10.000 \u00fcye olsun, yap\u0131lan t\u00fcm de\u011fi\u015fiklikler grup \u00fcyelerini Facebook taraf\u0131ndan bildirilir.<\/p>\n\n\n\n<p>Grubunuzun gizlilik ayarlar\u0131 olduk\u00e7a fazla k\u0131s\u0131tlay\u0131c\u0131 olsa bile Facebook grup i\u00e7erisindeki t\u00fcm g\u00f6nderileri g\u00f6rebilir. Facebook, grubun i\u00e7eri\u011fini ve bilgilerini grubun i\u00e7erisine yanl\u0131\u015f bir \u015feyler dolan\u0131yor ise g\u00fcvenlik g\u00fc\u00e7leri ile payla\u015fabilir. Ayr\u0131ca, grubun \u00fcyeleri grupta payla\u015f\u0131lm\u0131\u015f herhangi bir yaz\u0131y\u0131, videoyu, g\u00f6nderiyi gizli olsa dahi rapor edebilir. Rapor edilmi\u015f g\u00f6nderi e\u011fer ki Facebook Topluluk Standartlar\u0131n\u0131 ihlal ediyorsa grup silinebilir. Ayr\u0131ca bu t\u00fcr i\u00e7erikleri payla\u015fan \u00fcyelerin Facebook&#8217;a eri\u015fimi engellenebilir.<\/p>\n\n\n\n<p>Facebook i\u00e7erisinde olan tan\u0131d\u0131klar\u0131n\u0131z\u0131 ve \u00e7evrenizi birbirleriyle tan\u0131\u015ft\u0131rmak ve s\u00fcrekli ili\u015fkiler halinde olmalar\u0131n\u0131 sa\u011flamak isteyebilirsiniz. Hatta bir \u00fcr\u00fcn\u00fc sat\u0131n al\u0131p kullananlar hakk\u0131nda topluluk olu\u015fturmak ad\u0131na <strong>Facebook grup kurma<\/strong> i\u015flemini ger\u00e7ekle\u015ftirebilirsiniz.<\/p>\n\n\n\n<p><strong>Facebook grup kurma<\/strong> i\u015flem basamaklar\u0131 sayesinde istedi\u011finiz ve diledi\u011finiz \u015fekilde tamamen sizin belirleyebilece\u011finiz bir konu ve ki\u015filerden olu\u015fan bir gruba sahip olabilir ve bu gruba y\u00f6neticilik yapabilirsiniz. <strong>Facebook grup kurma<\/strong> i\u015flemine g\u00f6re grup kurarak daha \u00e7ok etkile\u015fim kazan\u0131r ve kullan\u0131c\u0131lar\u0131n bir biri ile tan\u0131\u015fmas\u0131na, soru sormas\u0131na yarayan bir kitle olu\u015fturma i\u015fine ba\u015flayabilirsiniz.<\/p>\n\n\n\n<figure class=\"wp-block-embed aligncenter is-type-video is-provider-youtube wp-block-embed-youtube wp-embed-aspect-16-9 wp-has-aspect-ratio\"><div class=\"wp-block-embed__wrapper\">\n<iframe title=\"FACEBOOK GRUP KURMA 2023 | Facebook Grup silme &amp; Grup ayarlar\u0131 nas\u0131l yap\u0131l\u0131r? - YEN\u0130\" width=\"640\" height=\"360\" src=\"https:\/\/www.youtube.com\/embed\/8J4kJvoZjhw?feature=oembed\"  allow=\"accelerometer; autoplay; clipboard-write; encrypted-media; gyroscope; picture-in-picture; web-share\" referrerpolicy=\"strict-origin-when-cross-origin\" allowfullscreen><\/iframe>\n<\/div><\/figure>\n\n\n\n<h2 class=\"wp-block-heading\"><span class=\"ez-toc-section\" id=\"Facebook_Grup_Kurma_Ucretli_mi\"><\/span><strong>Facebook Grup Kurma \u00dccretli mi?<img decoding=\"async\" class=\"alignright wp-image-5387 size-medium\" src=\"https:\/\/bepopi.com\/blog\/wp-content\/uploads\/2018\/06\/Facebook-Grup-Kurma-480x320.jpg\" alt=\"facebook grup kilitleme\" width=\"480\" height=\"320\"><\/strong><span class=\"ez-toc-section-end\"><\/span><\/h2>\n\n\n\n<p>Facebook grup kurma\u2019n\u0131n hi\u00e7bir \u015fekilde bir \u00fccreti yoktur. \u0130stedi\u011finiz ki\u015fiyi y\u00f6netici ya da moderat\u00f6r olarak atayabilir ve belirli yetkilere sahip olmas\u0131n\u0131 sa\u011flayabilirsiniz. Grubunuza dahil olan ki\u015fi say\u0131s\u0131 artt\u0131k\u00e7a bir o kadarda etkile\u015fim artacak ve grubunuzu geli\u015ftirebileceksiniz.<\/p>\n\n\n\n<h2 class=\"wp-block-heading\"><span class=\"ez-toc-section\" id=\"Facebook_Grup_Kurma\"><\/span><strong>Facebook Grup Kurma <\/strong><span class=\"ez-toc-section-end\"><\/span><\/h2>\n\n\n\n<p><strong>Facebook grup kurma<\/strong> ve i\u015fletme i\u015flemini yaparken de dikkat etmeniz gereken di\u011fer bir konu ise grubunuzun gizlilik ayarlar\u0131 olacakt\u0131r. Se\u00e7mi\u015f oldu\u011funuz gizlilik ayar\u0131 sayesinde grubunuzu arama yolu ile bulabilecek ki\u015fileri engelleyebilir ya da aktif edebilirsiniz. Dilerseniz Facebook\u2019ta kurdu\u011funuz grubu t\u00fcm ki\u015filer taraf\u0131ndan g\u00f6r\u00fclebilir iken grubun i\u00e7erisindeki payla\u015f\u0131mlar\u0131 grupta olmayanlar\u0131n g\u00f6rmesini engellemeniz m\u00fcmk\u00fcnd\u00fcr. Facebook grup nas\u0131l olu\u015fturulur i\u015flem basamaklar\u0131na gelece\u011fimiz zaman ise:<\/p>\n\n\n\n<p>Taray\u0131c\u0131n\u0131zdan \u201cFacebook\u201d hesab\u0131n\u0131za giri\u015f yap\u0131n\u0131z.<\/p>\n\n\n\n<p>Sa\u011f \u00fcst tarafta yer alan \u201c\u2b07\u201d a\u015fa\u011f\u0131 do\u011fru g\u00f6steren ok butonuna bas\u0131n.<\/p>\n\n\n\n<p>Ard\u0131ndan \u201cGrup Kur\u201d butonunu se\u00e7in.<\/p>\n\n\n\n<p>Ard\u0131ndan grubun ad\u0131n\u0131, gruba ekleyece\u011finiz ki\u015fileri ve gizlili\u011fini se\u00e7erek \u201cOlu\u015ftur\u201d butonuna bas\u0131n.<\/p>\n\n\n\n<p>Bu a\u015famalar sonucunda art\u0131k Facebook grup yapma i\u015flemini ba\u015far\u0131 ile ger\u00e7ekle\u015ftirmi\u015f ve bir Facebook grubuna sahipsiniz demektir. Kurdu\u011funuz grupta gizlilik ayarlar\u0131n\u0131z\u0131 sonradan da de\u011fi\u015ftirebilirsiniz. Gruba yeni ki\u015fileri ekleyip, \u00e7\u0131kartabilirsiniz.<\/p>\n\n\n\n<p><strong>Facebook grup kurma <\/strong>konusunda sizleri bilgilendirmeye \u00e7al\u0131\u015ft\u0131\u011f\u0131m\u0131z yaz\u0131m\u0131z\u0131n sonuna geldik. Konu hakk\u0131ndaki sorunlar\u0131n\u0131z\u0131 yorumlar k\u0131sm\u0131ndan bizlere iletebilirsiniz. Facebook\u2019un yeni \u00f6zelliklerinden haberdar olmak ve merak ettiklerinizi \u00f6\u011frenmek i\u00e7in sitemizi takipte kal\u0131n. Ayr\u0131ca <strong>Facebook sayfa be\u011feni sat\u0131n alma<\/strong> ve <strong>Facebook sayfa takip\u00e7isi sat\u0131n alma<\/strong> konular\u0131nda yard\u0131ma ihtiyac\u0131n\u0131z varsa bizimle ileti\u015fime ge\u00e7ebilirsiniz.<\/p>\n\n\n\n<p>Facebook grubu kurma konusundaki videoyu a\u015fa\u011f\u0131dan izleyebilirsiniz.<\/p>\n<div style='text-align:left' class='yasr-auto-insert-visitor'><\/div>","protected":false},"excerpt":{"rendered":"<p>E\u011fer bir kitleniz var ise bu kitleyi birbiri ile etkile\u015fim i\u00e7erisine sokmak isteyebilirsiniz. Bununla birlikte yeni bir kitle olu\u015fturabilir ve hatta bir \u00fcr\u00fcn hakk\u0131nda o \u00fcr\u00fcn\u00fc kullananlar ile birlikte bir topluluk olu\u015fturmak i\u00e7in Facebook grup kurma i\u015flemini ger\u00e7ekle\u015ftirebilirsiniz. Facebook grup olu\u015fturman\u0131n baz\u0131 i\u015flem basamaklar\u0131 mevcuttur. Bu basamaklar\u0131 takip ederek kendi grubunuzu olu\u015fturabilir ve bu grubun y\u00f6neticili\u011fini yapabilirsiniz. Facebook grup kurma i\u015flemi ile birlikte var olan bir kitleniz varsa o kitleyi olu\u015fturaca\u011f\u0131n\u0131z gruba ekleyerek ya da yeni bir kitle yaratarak grup i\u00e7erisinde bir etkile\u015fim olmas\u0131n\u0131 sa\u011flayabilirsiniz. Facebook grup kurma i\u015flemi Facebook&#8217;ta bir sayfa olu\u015fturma i\u015flemine g\u00f6re daha etkilidir. \u015e\u00f6yle ki Facebook&#8217;ta grup olu\u015ftursan\u0131z, sayfaya k\u0131yasla grupta daha \u00e7ok etkile\u015fim yarat\u0131rs\u0131n\u0131z. Ayn\u0131 [&hellip;]<\/p>\n","protected":false},"author":1,"featured_media":5726,"comment_status":"open","ping_status":"open","sticky":false,"template":"","format":"standard","meta":{"rank_math_lock_modified_date":false,"yasr_overall_rating":0,"yasr_post_is_review":"","yasr_auto_insert_disabled":"","yasr_review_type":"","footnotes":""},"categories":[2905,1],"tags":[],"class_list":["post-5724","post","type-post","status-publish","format-standard","has-post-thumbnail","hentry","category-facebook-destek","category-sosyal-medya","entry"],"yasr_visitor_votes":{"stars_attributes":{"read_only":false,"span_bottom":false},"number_of_votes":2,"sum_votes":10},"_links":{"self":[{"href":"https:\/\/www.bepopi.com\/blog\/wp-json\/wp\/v2\/posts\/5724","targetHints":{"allow":["GET"]}}],"collection":[{"href":"https:\/\/www.bepopi.com\/blog\/wp-json\/wp\/v2\/posts"}],"about":[{"href":"https:\/\/www.bepopi.com\/blog\/wp-json\/wp\/v2\/types\/post"}],"author":[{"embeddable":true,"href":"https:\/\/www.bepopi.com\/blog\/wp-json\/wp\/v2\/users\/1"}],"replies":[{"embeddable":true,"href":"https:\/\/www.bepopi.com\/blog\/wp-json\/wp\/v2\/comments?post=5724"}],"version-history":[{"count":3,"href":"https:\/\/www.bepopi.com\/blog\/wp-json\/wp\/v2\/posts\/5724\/revisions"}],"predecessor-version":[{"id":15175,"href":"https:\/\/www.bepopi.com\/blog\/wp-json\/wp\/v2\/posts\/5724\/revisions\/15175"}],"wp:featuredmedia":[{"embeddable":true,"href":"https:\/\/www.bepopi.com\/blog\/wp-json\/wp\/v2\/media\/5726"}],"wp:attachment":[{"href":"https:\/\/www.bepopi.com\/blog\/wp-json\/wp\/v2\/media?parent=5724"}],"wp:term":[{"taxonomy":"category","embeddable":true,"href":"https:\/\/www.bepopi.com\/blog\/wp-json\/wp\/v2\/categories?post=5724"},{"taxonomy":"post_tag","embeddable":true,"href":"https:\/\/www.bepopi.com\/blog\/wp-json\/wp\/v2\/tags?post=5724"}],"curies":[{"name":"wp","href":"https:\/\/api.w.org\/{rel}","templated":true}]}}