{"id":6173,"date":"2018-12-02T21:11:22","date_gmt":"2018-12-02T18:11:22","guid":{"rendered":"https:\/\/bepopi.com\/blog\/?p=6173"},"modified":"2020-10-27T12:21:39","modified_gmt":"2020-10-27T09:21:39","slug":"etkili-bir-instagram-biyografisi-icin-gerekenler","status":"publish","type":"post","link":"https:\/\/www.bepopi.com\/blog\/etkili-bir-instagram-biyografisi-icin-gerekenler","title":{"rendered":"Etkili Bir Instagram Biyografisi \u0130\u00e7in Gerekenler 2020"},"content":{"rendered":"<p>Instgram ki\u015fisel hesaplar\u0131n \u00e7ok fazla oldu\u011fu bir yer olsa da i\u015fletme hesaplar\u0131 da olduk\u00e7a fazla tercih edilmektedir. Bir hesab\u0131 profesyonel g\u00f6steren ilk kriter, hesab\u0131n biyografisinin nas\u0131l oldu\u011fudur. \u0130yi bir izlenim b\u0131rakmak i\u00e7in dikkat edilmesi gereken baz\u0131 noktalar bulunmaktad\u0131r. Hem i\u015fletme hesab\u0131n\u0131zda hem de ki\u015fisel hesab\u0131n\u0131zda <strong>etkili bir Instagram biyografisi<\/strong> istiyorsan\u0131z yaz\u0131y\u0131 sonuna kadar okuman\u0131z gerekmektedir. \u00d6yleyse ba\u015flatal\u0131m.<\/p>\n<p>Etkili bir hesap i\u00e7in iyi bir profil resmi, dikkat \u00e7ekici ve profesyonelce haz\u0131rlanm\u0131\u015f bir biyografi ve ak\u0131lda kalan bir kullan\u0131c\u0131 ad\u0131 gerekmektedir. Bu \u00fc\u00e7\u00fcn\u00fc birbirinden ay\u0131rmak kalitenin d\u00fc\u015fmesini de beraberinde getirir. Bu nedenle ayr\u0131 ayr\u0131 ele almak yerine bir b\u00fct\u00fcn olarak bahsetme ihtiyac\u0131 hissettik. Bu \u00fc\u00e7\u00fc tamamland\u0131\u011f\u0131nda ve bunlar\u0131 kaliteli i\u00e7eriklerle tamamlad\u0131\u011f\u0131n\u0131zda, profesyonel bir hesaba kavu\u015fmu\u015f olacaks\u0131n\u0131z.<\/p>\n<p><img decoding=\"async\" class=\"aligncenter wp-image-6075\" src=\"https:\/\/bepopi.com\/blog\/wp-content\/uploads\/2018\/10\/instagram-hikayeler-anket-ozelligi-icin-buyuk-yenilik-sdn-01.jpg\" alt=\"instagram i\u015fletme hesab\u0131\" width=\"422\" height=\"240\"><\/p>\n<div id=\"ez-toc-container\" class=\"ez-toc-v2_0_69_1 counter-hierarchy ez-toc-counter ez-toc-grey ez-toc-container-direction\">\n<p class=\"ez-toc-title\" style=\"cursor:inherit\">\u0130\u00e7indekiler<\/p>\n<label for=\"ez-toc-cssicon-toggle-item-69f59e1b4e7c0\" class=\"ez-toc-cssicon-toggle-label\"><span class=\"\"><span class=\"eztoc-hide\" style=\"display:none;\">Toggle<\/span><span class=\"ez-toc-icon-toggle-span\"><svg style=\"fill: #999;color:#999\" xmlns=\"http:\/\/www.w3.org\/2000\/svg\" class=\"list-377408\" width=\"20px\" height=\"20px\" viewBox=\"0 0 24 24\" fill=\"none\"><path d=\"M6 6H4v2h2V6zm14 0H8v2h12V6zM4 11h2v2H4v-2zm16 0H8v2h12v-2zM4 16h2v2H4v-2zm16 0H8v2h12v-2z\" fill=\"currentColor\"><\/path><\/svg><svg style=\"fill: #999;color:#999\" class=\"arrow-unsorted-368013\" xmlns=\"http:\/\/www.w3.org\/2000\/svg\" width=\"10px\" height=\"10px\" viewBox=\"0 0 24 24\" version=\"1.2\" baseProfile=\"tiny\"><path d=\"M18.2 9.3l-6.2-6.3-6.2 6.3c-.2.2-.3.4-.3.7s.1.5.3.7c.2.2.4.3.7.3h11c.3 0 .5-.1.7-.3.2-.2.3-.5.3-.7s-.1-.5-.3-.7zM5.8 14.7l6.2 6.3 6.2-6.3c.2-.2.3-.5.3-.7s-.1-.5-.3-.7c-.2-.2-.4-.3-.7-.3h-11c-.3 0-.5.1-.7.3-.2.2-.3.5-.3.7s.1.5.3.7z\"\/><\/svg><\/span><\/span><\/label><input type=\"checkbox\"  id=\"ez-toc-cssicon-toggle-item-69f59e1b4e7c0\"  aria-label=\"Toggle\" \/><nav><ul class='ez-toc-list ez-toc-list-level-1 ' ><li class='ez-toc-page-1 ez-toc-heading-level-2'><a class=\"ez-toc-link ez-toc-heading-1\" href=\"https:\/\/www.bepopi.com\/blog\/etkili-bir-instagram-biyografisi-icin-gerekenler\/#Etkili_bir_Instagram_biyografisi_icin_yapilmasi_gerekenler\" title=\"Etkili bir Instagram biyografisi i\u00e7in yap\u0131lmas\u0131 gerekenler\">Etkili bir Instagram biyografisi i\u00e7in yap\u0131lmas\u0131 gerekenler<\/a><ul class='ez-toc-list-level-3' ><li class='ez-toc-heading-level-3'><a class=\"ez-toc-link ez-toc-heading-2\" href=\"https:\/\/www.bepopi.com\/blog\/etkili-bir-instagram-biyografisi-icin-gerekenler\/#Profil_fotografi\" title=\"Profil foto\u011fraf\u0131\">Profil foto\u011fraf\u0131<\/a><ul class='ez-toc-list-level-4' ><li class='ez-toc-heading-level-4'><a class=\"ez-toc-link ez-toc-heading-3\" href=\"https:\/\/www.bepopi.com\/blog\/etkili-bir-instagram-biyografisi-icin-gerekenler\/#Kisisel_hesaplar_icin\" title=\"Ki\u015fisel hesaplar i\u00e7in:\">Ki\u015fisel hesaplar i\u00e7in:<\/a><\/li><li class='ez-toc-page-1 ez-toc-heading-level-4'><a class=\"ez-toc-link ez-toc-heading-4\" href=\"https:\/\/www.bepopi.com\/blog\/etkili-bir-instagram-biyografisi-icin-gerekenler\/#Isletme_hesaplari_icin\" title=\"\u0130\u015fletme hesaplar\u0131 i\u00e7in:\">\u0130\u015fletme hesaplar\u0131 i\u00e7in:<\/a><\/li><\/ul><\/li><li class='ez-toc-page-1 ez-toc-heading-level-3'><a class=\"ez-toc-link ez-toc-heading-5\" href=\"https:\/\/www.bepopi.com\/blog\/etkili-bir-instagram-biyografisi-icin-gerekenler\/#Instagram_biyografisi\" title=\"Instagram biyografisi\">Instagram biyografisi<\/a><ul class='ez-toc-list-level-4' ><li class='ez-toc-heading-level-4'><a class=\"ez-toc-link ez-toc-heading-6\" href=\"https:\/\/www.bepopi.com\/blog\/etkili-bir-instagram-biyografisi-icin-gerekenler\/#Biyografi_bolumune_asla_yazilmamasi_gerekenler\" title=\"Biyografi b\u00f6l\u00fcm\u00fcne asla yaz\u0131lmamas\u0131 gerekenler:\">Biyografi b\u00f6l\u00fcm\u00fcne asla yaz\u0131lmamas\u0131 gerekenler:<\/a><\/li><\/ul><\/li><li class='ez-toc-page-1 ez-toc-heading-level-3'><a class=\"ez-toc-link ez-toc-heading-7\" href=\"https:\/\/www.bepopi.com\/blog\/etkili-bir-instagram-biyografisi-icin-gerekenler\/#Kullanici_adi\" title=\"Kullan\u0131c\u0131 ad\u0131\">Kullan\u0131c\u0131 ad\u0131<\/a><\/li><\/ul><\/li><li class='ez-toc-page-1 ez-toc-heading-level-2'><a class=\"ez-toc-link ez-toc-heading-8\" href=\"https:\/\/www.bepopi.com\/blog\/etkili-bir-instagram-biyografisi-icin-gerekenler\/#Sonuc\" title=\"Sonu\u00e7\">Sonu\u00e7<\/a><\/li><\/ul><\/nav><\/div>\n<h2><span class=\"ez-toc-section\" id=\"Etkili_bir_Instagram_biyografisi_icin_yapilmasi_gerekenler\"><\/span>Etkili bir Instagram biyografisi i\u00e7in yap\u0131lmas\u0131 gerekenler<span class=\"ez-toc-section-end\"><\/span><\/h2>\n<ul>\n<li>\n<h3><span class=\"ez-toc-section\" id=\"Profil_fotografi\"><\/span>Profil foto\u011fraf\u0131<span class=\"ez-toc-section-end\"><\/span><\/h3>\n<\/li>\n<\/ul>\n<p>Etkili bir Instagram biyografisi i\u00e7in olmazsa olmaz kriter. Ki\u015fisel ya da i\u015fletme hesaplar\u0131nda, bu hesaplara girildi\u011finde ilk izlenim profil foto\u011fraf\u0131yla olu\u015fmaktad\u0131r. Bu foto\u011fraf\u0131n dikkat \u00e7ekici ve hesab\u0131n amac\u0131na uygun olmas\u0131, ilk olumlu izlenimi de beraberinde getirir. Bu foto\u011fraf\u0131n ak\u0131lda kal\u0131c\u0131 olmas\u0131 \u00e7ok \u00f6nemlidir. Se\u00e7imlerinizi yaparken buna dikkat etmeniz gerekiyor. K\u0131sacas\u0131 o kadar ak\u0131lda kal\u0131c\u0131 olsun ki, takip\u00e7ileriniz ad\u0131n\u0131za bakmadan, bu Instagram hesab\u0131n\u0131n size ait oldu\u011funu anlas\u0131n. <strong>Etkili bir profil foto\u011fraf\u0131 olu\u015fturmak<\/strong> i\u00e7in dikkat edilmesi gereken noktalar:<\/p>\n<ul>\n<li>Profil foto\u011fraf\u0131 se\u00e7erken dikkat etmeniz gereken ilk nokta, renkler. Foto\u011fraf i\u00e7inde renk kalabal\u0131\u011f\u0131n\u0131n olmamas\u0131 gerekiyor. \u00c7ok z\u0131t renkler ya da \u00e7ok alakas\u0131 renklerden ka\u00e7\u0131n\u0131n. Foto\u011fraf i\u00e7erisinde bir iki rengin yo\u011funlukta olmas\u0131, g\u00f6ze daha \u00e7ok hitap etmesine yard\u0131mc\u0131 olacakt\u0131r. \u00dc\u00e7 rengin \u00fczerine \u00e7\u0131kmamas\u0131, profesyonel bir g\u00f6r\u00fcnt\u00fc i\u00e7in \u00f6nem ta\u015f\u0131maktad\u0131r.<\/li>\n<li>Renklerin bu kadar \u00f6nemli olmas\u0131n\u0131n en temel nedeni, sade ve az rengin ak\u0131lda kal\u0131c\u0131l\u0131\u011f\u0131 artt\u0131rmas\u0131d\u0131r. \u00c7ok fazla renk kullan\u0131lmas\u0131, profil foto\u011fraf\u0131n\u0131 daha karma\u015f\u0131k hale getirerek hesab\u0131n kime ait oldu\u011funun bulunmas\u0131n\u0131 zorla\u015ft\u0131rabilmektedir.<\/li>\n<\/ul>\n<p>Yap\u0131lan bir ara\u015ft\u0131rmaya g\u00f6re tan\u0131nm\u0131\u015f bir hesab\u0131n profil foto\u011fraf\u0131nda k\u0131rm\u0131z\u0131 taban\u0131nda, siyah renkler kullan\u0131lm\u0131\u015ft\u0131r. Kim o foto\u011frafa bakarsa, kolay bir \u015fekilde hesab\u0131n kime ait oldu\u011funu anlayabilmektedir. Bu ara\u015ft\u0131rma, yukar\u0131daki bilgiyi destekler niteliktedir.<\/p>\n<p><img decoding=\"async\" class=\"aligncenter wp-image-6178\" src=\"https:\/\/bepopi.com\/blog\/wp-content\/uploads\/2020\/05\/instagram-baglantili-hesaplari-kaldirma.png\" alt=\"instagram i\u015fletme hesab\u0131 nas\u0131l y\u00f6netilir\" width=\"448\" height=\"252\"><\/p>\n<h4><span class=\"ez-toc-section\" id=\"Kisisel_hesaplar_icin\"><\/span>Ki\u015fisel hesaplar i\u00e7in:<span class=\"ez-toc-section-end\"><\/span><\/h4>\n<p>Ki\u015fisel hesaplarda profil foto\u011fraf\u0131 se\u00e7iminde arka plan daha sade olmal\u0131d\u0131r. Yazars\u0131n\u0131z ya da kendi alan\u0131n\u0131za \u00f6zg\u00fc payla\u015f\u0131mlar yapmaktas\u0131n\u0131z. \u00d6zellikle bunun gibi belli ama\u00e7lar i\u00e7in olu\u015fturulmu\u015f bir hesaba sahipseniz, arka plan\u0131 a\u00e7\u0131k ve d\u00fcz bir renk yap\u0131p, y\u00fczden al\u0131nm\u0131\u015f bir foto\u011fraf\u0131n\u0131z\u0131 koyman\u0131z daha uygun olacakt\u0131r. Y\u00fcz\u00fcn belirgin bir \u015fekilde g\u00f6r\u00fcnmesine dikkat edin. Ger\u00e7ek bir ki\u015fiyseniz ve profil foto\u011fraf\u0131 se\u00e7mek istiyorsan\u0131z dikkat etmeniz gereken&nbsp; baz\u0131 noktalar var. Profil se\u00e7iminde dikkat edilmesi gereken noktalar:<\/p>\n<ul>\n<li>\u0130lk madde olarak, g\u00f6\u011fs\u00fcn \u00fcst k\u0131sm\u0131yla al\u0131nm\u0131\u015f, belirgin bir y\u00fcz foto\u011fraf\u0131 ideal oland\u0131r. Bu madde, foto\u011frafta sadece size odaklan\u0131lmas\u0131n\u0131 sa\u011flamaktad\u0131r.<\/li>\n<li>Instagram profil foto\u011fraf\u0131 se\u00e7me noktas\u0131nda ikinci \u00f6nemli madde, arka plan\u0131n\u0131z\u0131n sade olmas\u0131. M\u00fcmk\u00fcn oldu\u011funca a\u00e7\u0131k renkler kullan\u0131n. Beyaz, krem ya da toz pembe gibi renkler daha uygundur.<\/li>\n<li>Ayd\u0131nl\u0131k bir yerde \u00e7ekilmi\u015f, y\u00fcksek bir \u00e7\u00f6z\u00fcn\u00fcrl\u00fc\u011fe sahip profil foto\u011fraflar\u0131, profesyonellik hissini daha \u00e7ok yans\u0131t\u0131r. Bu nedenle foto\u011fraf \u00e7ekimlerinde karanl\u0131k olmamas\u0131na ve net olmas\u0131na dikkat edin.<\/li>\n<li>Profil foto\u011fraf\u0131 d\u00fczenlemelerinde hi\u00e7bir \u015fekilde efekt kullanmay\u0131n. Bu efekt ve fitreler, foto\u011fraf\u0131n oldu\u011fundan daha basit g\u00f6r\u00fcnmesine neden olacakt\u0131r. Bu nedenle kaliteli ve etkileyici bir hesap i\u00e7in uygun de\u011fildir.<\/li>\n<li>Son olarak yukar\u0131daki yaz\u0131da bahsetti\u011fimiz gibi renk se\u00e7imine dikkat edin. Ne kadar az renk, o kadar \u00e7ok kal\u0131c\u0131l\u0131k demek.<\/li>\n<\/ul>\n<p><img decoding=\"async\" class=\"aligncenter wp-image-6175\" src=\"https:\/\/bepopi.com\/blog\/wp-content\/uploads\/2020\/05\/instagram-isletme-hesabi.jpg\" alt=\"instagram biyografi\" width=\"446\" height=\"245\"><\/p>\n<h4><span class=\"ez-toc-section\" id=\"Isletme_hesaplari_icin\"><\/span>\u0130\u015fletme hesaplar\u0131 i\u00e7in:<span class=\"ez-toc-section-end\"><\/span><\/h4>\n<p>\u0130\u015fletme hesaplar\u0131nda durum biraz daha farkl\u0131d\u0131r. Her i\u015fletme hesab\u0131nda sat\u0131\u015f yapt\u0131\u011f\u0131n\u0131z markaya dair bir logo bulunmaktad\u0131r. Bu nedenle logonun yay\u0131lmas\u0131 ve ak\u0131llarda yer etmesi i\u00e7in, bu t\u00fcr hesaplarda markan\u0131n logosunu kullanman\u0131z gerekmektedir.<\/p>\n<p>Ki\u015fisel ve i\u015fletme hesaplar\u0131nda, profil foto\u011fraf\u0131 se\u00e7erken bu maddelere dikkat etmelisiniz. Bu a\u015famalara dikkat ederek foto\u011fraf\u0131n\u0131z\u0131 olu\u015fturdu\u011funuzda, profesyonelli\u011fin ilk ad\u0131m\u0131n\u0131 da atm\u0131\u015f olacaks\u0131n\u0131z. Ve bu g\u00f6r\u00fcnt\u00fc daha \u00e7ok takip\u00e7i kazanman\u0131za ve ak\u0131llarda yer etmenize yard\u0131mc\u0131 olacakt\u0131r.<\/p>\n<ul>\n<li>\n<h3><span class=\"ez-toc-section\" id=\"Instagram_biyografisi\"><\/span>Instagram biyografisi<span class=\"ez-toc-section-end\"><\/span><\/h3>\n<\/li>\n<\/ul>\n<p><strong>Etkili bir Instagram biyografisi<\/strong> i\u00e7in yap\u0131lmas\u0131 gerekenlere ge\u00e7meden \u00f6nce ak\u0131llardaki \u015fu soruya cevap verelim. \u00c7ok takip\u00e7i \u00e7eken, kaliteli bir Instagram hesab\u0131 i\u00e7in profil foto\u011fraf\u0131 m\u0131 daha \u00f6nemli yoksa hesap biyografisi mi daha \u00f6nemli? Her ikisi de \u00f6nemlidir. Ancak burada dikkat etmeniz gereken nokta, biyografi ne kadar etkileyici ve dikkat \u00e7ekici olursa olsun, profil foto\u011fraf\u0131n\u0131z dikkat \u00e7ekici de\u011filse bir anlam\u0131 olmaz. \u0130nsanlar profil dikkat \u00e7ekti\u011fi i\u00e7in o hesapta gezinirler ve sonraki ad\u0131m olarak biyografinizi incelerler.<\/p>\n<p>Ancak profil dikkat \u00e7ekici ve incelendi\u011finde k\u00f6t\u00fc bir biyografi varsa, hesab\u0131n tamam\u0131na g\u00f6z at\u0131lmaz. Bunun sonunda insanlar hesab\u0131n\u0131za tekrardan girmek istemezler. Buradan da her ikisinin de ne kadar \u00f6nemli oldu\u011funu ve birbirini b\u00fct\u00fcnledi\u011fini g\u00f6rebilirsiniz. \u0130yi bir <strong>Instagram biyografisi<\/strong> i\u00e7in dikkat edilmesi gereken detaylar:<\/p>\n<ul>\n<li>Instagram biyografisi okundu\u011funda, sizi ger\u00e7ekten anlam\u0131\u015f olmalar\u0131 gerekiyor. Bu durumda yazarken sizi anlatan kelimeleri bulup, bunlar \u00fczerinden gitmeniz gerekmektedir.<\/li>\n<li>Ya\u015fad\u0131\u011f\u0131n\u0131z yeri mutlaka yaz\u0131n. \u0130nsanlar sizinle ilgili bilmeleri gereken bilgileri g\u00f6rd\u00fc\u011f\u00fcnde, g\u00fcvenilirli\u011finiz o kadar artacakt\u0131r.<\/li>\n<li>Blogger ya da makale yazarl\u0131\u011f\u0131 yap\u0131yorsan\u0131z, markan\u0131za ait bir web siteniz varsa web site b\u00f6l\u00fcm\u00fcn\u00fc ihmal etmeyin. Mutlaka web sitenize ait bir link ekleyin. Hem bu sayede sitenize olan trafikte artacakt\u0131r.<\/li>\n<\/ul>\n<p><img decoding=\"async\" class=\"aligncenter wp-image-6176\" src=\"https:\/\/bepopi.com\/blog\/wp-content\/uploads\/2018\/12\/instagram-isletme-hesabi-780x360.jpg\" alt=\"instagram biyografi d\u00fczenleme\" width=\"531\" height=\"245\"><\/p>\n<ul>\n<li><strong>Instagram biyografisi haz\u0131rlama<\/strong> i\u015fleminde, bilgilerinizin ger\u00e7ek olmas\u0131 \u00e7ok \u00f6nemlidir. Bu k\u0131sma almad\u0131\u011f\u0131n\u0131z bir e\u011fitim ya da olmayan bir bilgiyi yazarsan\u0131z, fark edilmesi durumunda ciddi bir g\u00fcven kayb\u0131 ya\u015fars\u0131n\u0131z. Bu gibi sorunlarla kar\u015f\u0131la\u015fmamak i\u00e7in tamamen do\u011fru bilgilere yer vermeye \u00f6zen g\u00f6sterin.<\/li>\n<li>Biyografi k\u0131sm\u0131n\u0131 bo\u015f b\u0131rakma gibi bir hata yapmay\u0131n. Bu takip\u00e7iler \u00fczerinde olumsuz bir izlenim olu\u015fmas\u0131na neden olacakt\u0131r.<\/li>\n<li>Takip\u00e7ileriniz daha \u00e7ok hangi \u00fclkeden ya da hangi dili konu\u015fuyor? Bu bilgileri analiz edin. \u00c7o\u011funluk T\u00fcrk\u00e7e konu\u015fuyorsa, biyografi b\u00f6l\u00fcm\u00fcn\u00fc T\u00fcrk\u00e7e olarak kullanman\u0131z do\u011fru olacakt\u0131r. Yabanc\u0131 dil kullanan takip\u00e7iler de varsa, T\u00fcrk\u00e7e ile beraber karakter yetti\u011fi kadar yabanc\u0131 dilde de a\u00e7\u0131klamas\u0131n\u0131 yapman\u0131z gerekiyor. Bu \u015fekilde her iki taraf\u0131 da memnun etmi\u015f olursunuz.<\/li>\n<li>Biyografi yazarken ikonlar kullanmak daha etkilidir. \u00d6rne\u011fin farkl\u0131 \u00f6zelliklere de\u011fineceksiniz ya da farkl\u0131 maddelerle kendinizi anlatacaks\u0131n\u0131z. Bu gibi durumlarda her maddenin ba\u015f\u0131na ikon koyarak daha etkili bir g\u00f6r\u00fcnt\u00fc yakalayabilirsiniz.<\/li>\n<li>Karakter say\u0131s\u0131 belli bir s\u0131n\u0131rda oldu\u011fu i\u00e7in alan\u0131 verimli kullanman\u0131z gerekiyor. \u00d6rne\u011fin ben Samsun\u2019 da \u0130\u015faret Dili e\u011fitimi, Mersin\u2019de Bili\u015fim \u00fczerine e\u011fitim ald\u0131m diyeceksiniz. Bu \u015fekilde demek karakter say\u0131s\u0131n\u0131n yetmemesine neden olur. Bunun yerine e\u011fitimler: yaz\u0131p \u0130\u015faret Dili e\u011fitimi, Bili\u015fim e\u011fitimi yazabilirsiniz. Sizi anlatan maddeleri belli kelimeler halinde alman\u0131z alan\u0131 verimli kullanman\u0131z i\u00e7in olduk\u00e7a \u00f6nemlidir. E<strong>tkili bir Instagram biyografisi<\/strong> i\u00e7in bu detaylara dikkat etmeniz gerekiyor.<\/li>\n<\/ul>\n<p><img decoding=\"async\" class=\"aligncenter wp-image-5662\" src=\"https:\/\/bepopi.com\/blog\/wp-content\/uploads\/2018\/07\/Instagram-DM-Kapatma-Acma.jpg\" alt=\"instagram i\u015fletme hesaplar\u0131\" width=\"449\" height=\"294\"><\/p>\n<h4><span class=\"ez-toc-section\" id=\"Biyografi_bolumune_asla_yazilmamasi_gerekenler\"><\/span>Biyografi b\u00f6l\u00fcm\u00fcne asla yaz\u0131lmamas\u0131 gerekenler:<span class=\"ez-toc-section-end\"><\/span><\/h4>\n<ul>\n<li>Pop\u00fcler bir hesaba sahip olmadan official yazmak, takip\u00e7iler aras\u0131nda dikkat \u00e7eker ve g\u00fcvenilirli\u011finiz azal\u0131r. Bunun yaz\u0131labilmesi i\u00e7in 10 bin takip\u00e7iyi a\u015fman\u0131z gerekmektedir. Bu nedenle daha \u00f6ncesinde yazmak, sizi daha komik bir duruma d\u00fc\u015f\u00fcr\u00fcr.<\/li>\n<li>Takibe takip. Bu c\u00fcmle \u00e7ok fazla yaz\u0131lsa da kaliteyi d\u00fc\u015f\u00fcrd\u00fc\u011f\u00fc i\u00e7in asla yaz\u0131lmamas\u0131 gerekenler aras\u0131nda yer al\u0131r.<\/li>\n<li>Do\u011fum tarihi ya da evlenme tarihiniz. Bu bilgiler insanlar\u0131n istedi\u011fi bilgiler de\u011fildir. Bu nedenle \u00f6zellikle pop\u00fcler bir hesab\u0131n\u0131z varsa ya da i\u015fletme hesab\u0131na sahipseniz bu bilgilerden uzak durun.<\/li>\n<li>Sevdi\u011finiz s\u00f6zler. (\u00f6zl\u00fc s\u00f6zler, aras\u00f6zleri..vs) Bu t\u00fcr s\u00f6zler ayn\u0131 \u015fekilde hesab\u0131n profesyonelli\u011fini d\u00fc\u015f\u00fcrmektedir.<\/li>\n<li>Siyasi g\u00f6r\u00fc\u015f\u00fcn\u00fcz\u00fc ve hangi dine ait oldu\u011funuzu <strong>Instagram biyografi b\u00f6l\u00fcm\u00fc<\/strong> i\u00e7inde payla\u015fman\u0131za gerek yoktur. Bunlar sizin \u00f6zel bilgilerinizdir ve gizemli kalmas\u0131nda fayda vard\u0131r.<\/li>\n<\/ul>\n<p><img decoding=\"async\" class=\"aligncenter wp-image-6177\" src=\"https:\/\/bepopi.com\/blog\/wp-content\/uploads\/2020\/05\/Instagram-isletme-Hesabi-1.jpg\" alt=\"instagram d\u00fczenleme\" width=\"549\" height=\"309\"><\/p>\n<ul>\n<li>\n<h3><span class=\"ez-toc-section\" id=\"Kullanici_adi\"><\/span>Kullan\u0131c\u0131 ad\u0131<span class=\"ez-toc-section-end\"><\/span><\/h3>\n<\/li>\n<\/ul>\n<p>\u0130yi bir kullan\u0131c\u0131 ad\u0131na sahip olman\u0131z <strong>etkili bir Instagram hesab\u0131<\/strong> i\u00e7in en \u00f6nemli ad\u0131mlardan. Kullan\u0131c\u0131 ad\u0131 se\u00e7erken dikkat etmeniz gereken baz\u0131 noktalar bulunmaktad\u0131r. Bunlar:<\/p>\n<ul>\n<li>Kullan\u0131c\u0131 ad\u0131n\u0131z\u0131n ak\u0131lda kal\u0131c\u0131 olmas\u0131 i\u00e7in sade olmas\u0131 olduk\u00e7a \u00f6nemlidir. Bu nedenle genellikle insanlar daha iddial\u0131 bir g\u00f6r\u00fcnt\u00fcye kavu\u015fmas\u0131 i\u00e7in @adsoyad ya da @soyadad tercih ederler. Bunu belirlemek size kalm\u0131\u015f. Pop\u00fcler bir hesaba sahipseniz ve bu pop\u00fclerli\u011fi elde ederken farkl\u0131 bir isim kullanm\u0131\u015fsan\u0131z, hesab\u0131n\u0131zda o ismi kullan\u0131n.<\/li>\n<\/ul>\n<p>\u00c7\u00fcnk\u00fc mevcut takip\u00e7ileriniz sizi o \u015fekilde bildi\u011fi i\u00e7in, \u00f6yle aratacakt\u0131r. \u0130\u015fletme hesab\u0131na sahipseniz, ad soyad&nbsp; &nbsp; &nbsp; &nbsp; &nbsp; &nbsp; &nbsp; &nbsp;yerine markan\u0131z\u0131n ad\u0131n\u0131 kullanman\u0131z daha ak\u0131lda kal\u0131c\u0131 olmas\u0131n\u0131 sa\u011flayacakt\u0131r.<\/p>\n<ul>\n<li>Kendi ismim yerine takma bir ad kullanmak istiyorum diyorsan\u0131z dikkat etmeniz gereken bir nokta var. Instagram \u00fczerinde aratt\u0131\u011f\u0131n\u0131zda bu ismin hi\u00e7bir \u015fekilde g\u00f6r\u00fcnmemesi gerekmektedir. Yoksa o ki\u015fiyle ismini kar\u0131\u015facakt\u0131r. Takma ismin sadece size \u00f6zel olmas\u0131na dikkat edin. E<strong>tkili bir Instagram biyografisi<\/strong> ve g\u00fcvenilirlik i\u00e7in iyi bir ayr\u0131nt\u0131d\u0131r.<\/li>\n<li>E\u011fer sadece ad soyad Instagram taraf\u0131ndan bu isim al\u0131nd\u0131 \u015feklinde bildiriliyorsa, buna yak\u0131n en k\u0131sa kullan\u0131c\u0131 ad\u0131n\u0131 al\u0131n. Ne kadar k\u0131sa olursa o kadar iyidir. Kullan\u0131c\u0131 ad\u0131 se\u00e7iminde uzun isimlerden ka\u00e7\u0131nman\u0131z gerekiyor.<\/li>\n<li>Rakamlar\u0131 harfler yerine kullanarak se\u00e7ilen kullan\u0131c\u0131 ad\u0131 olduk\u00e7a hatal\u0131d\u0131r. \u00d6rne\u011fin Ceyda yazmak yerine C3YD4 olarak belirtmeniz, takip\u00e7ilerinizin g\u00f6z\u00fcnde de\u011ferinizi azaltacakt\u0131r. Bu nedenle rakamlar\u0131 harflerin yerine kullanmamaya \u00f6zen g\u00f6sterin.<\/li>\n<li>T\u00fcm sosyal medya platformlar\u0131nda ayn\u0131 kullan\u0131c\u0131 ad\u0131n\u0131n kullan\u0131lmas\u0131, aramalarda takip\u00e7ilerinize ve size kolayl\u0131k sa\u011flayacakt\u0131r. Bu nedenle t\u00fcm sosyal medya hesaplar\u0131nda ayn\u0131 kullan\u0131c\u0131 ad\u0131n\u0131 se\u00e7meye \u00f6zen g\u00f6sterin.<\/li>\n<\/ul>\n<h2><span class=\"ez-toc-section\" id=\"Sonuc\"><\/span><strong>Sonu\u00e7<\/strong><span class=\"ez-toc-section-end\"><\/span><\/h2>\n<p><strong>Etkili bir Instagram biyografisi<\/strong> i\u00e7in nelere dikkat etmeniz gerekti\u011fini ve bunlar\u0131 foto\u011fraf ve kullan\u0131c\u0131 ad\u0131yla nas\u0131l desteklemeniz gerekti\u011fini \u00f6\u011frendiniz. Bundan sonra payla\u015faca\u011f\u0131n\u0131z kaliteli i\u00e7erikler, profesyonel hesaplar i\u00e7in b\u00fct\u00fcnleyici bir fakt\u00f6r olacakt\u0131r.<\/p>\n<p><iframe title=\"4 Ad\u0131mda G\u00fczel Bir Instagram Profili Nas\u0131l Olu\u015fturulur? - Kubilay Sakarya\" width=\"640\" height=\"360\" src=\"https:\/\/www.youtube.com\/embed\/BRM2Bp76x0I?feature=oembed\"  allow=\"accelerometer; autoplay; clipboard-write; encrypted-media; gyroscope; picture-in-picture; web-share\" referrerpolicy=\"strict-origin-when-cross-origin\" allowfullscreen><\/iframe><\/p>\n<div style='text-align:left' class='yasr-auto-insert-visitor'><\/div>","protected":false},"excerpt":{"rendered":"<p>Instgram ki\u015fisel hesaplar\u0131n \u00e7ok fazla oldu\u011fu bir yer olsa da i\u015fletme hesaplar\u0131 da olduk\u00e7a fazla tercih edilmektedir. Bir hesab\u0131 profesyonel g\u00f6steren ilk kriter, hesab\u0131n biyografisinin nas\u0131l oldu\u011fudur. \u0130yi bir izlenim b\u0131rakmak i\u00e7in dikkat edilmesi gereken baz\u0131 noktalar bulunmaktad\u0131r. Hem i\u015fletme hesab\u0131n\u0131zda hem de ki\u015fisel hesab\u0131n\u0131zda etkili bir Instagram biyografisi istiyorsan\u0131z yaz\u0131y\u0131 sonuna kadar okuman\u0131z gerekmektedir. \u00d6yleyse ba\u015flatal\u0131m. Etkili bir hesap i\u00e7in iyi bir profil resmi, dikkat \u00e7ekici ve profesyonelce haz\u0131rlanm\u0131\u015f bir biyografi ve ak\u0131lda kalan bir kullan\u0131c\u0131 ad\u0131 gerekmektedir. Bu \u00fc\u00e7\u00fcn\u00fc birbirinden ay\u0131rmak kalitenin d\u00fc\u015fmesini de beraberinde getirir. Bu nedenle ayr\u0131 ayr\u0131 ele almak yerine bir b\u00fct\u00fcn olarak bahsetme ihtiyac\u0131 hissettik. Bu \u00fc\u00e7\u00fc tamamland\u0131\u011f\u0131nda ve bunlar\u0131 kaliteli i\u00e7eriklerle tamamlad\u0131\u011f\u0131n\u0131zda, profesyonel [&hellip;]<\/p>\n","protected":false},"author":1,"featured_media":6174,"comment_status":"open","ping_status":"open","sticky":false,"template":"","format":"standard","meta":{"rank_math_lock_modified_date":false,"yasr_overall_rating":0,"yasr_post_is_review":"","yasr_auto_insert_disabled":"","yasr_review_type":"","footnotes":""},"categories":[1,2906],"tags":[],"class_list":["post-6173","post","type-post","status-publish","format-standard","has-post-thumbnail","hentry","category-sosyal-medya","category-instagram-destek","entry"],"yasr_visitor_votes":{"stars_attributes":{"read_only":false,"span_bottom":false},"number_of_votes":4,"sum_votes":19},"_links":{"self":[{"href":"https:\/\/www.bepopi.com\/blog\/wp-json\/wp\/v2\/posts\/6173","targetHints":{"allow":["GET"]}}],"collection":[{"href":"https:\/\/www.bepopi.com\/blog\/wp-json\/wp\/v2\/posts"}],"about":[{"href":"https:\/\/www.bepopi.com\/blog\/wp-json\/wp\/v2\/types\/post"}],"author":[{"embeddable":true,"href":"https:\/\/www.bepopi.com\/blog\/wp-json\/wp\/v2\/users\/1"}],"replies":[{"embeddable":true,"href":"https:\/\/www.bepopi.com\/blog\/wp-json\/wp\/v2\/comments?post=6173"}],"version-history":[{"count":3,"href":"https:\/\/www.bepopi.com\/blog\/wp-json\/wp\/v2\/posts\/6173\/revisions"}],"predecessor-version":[{"id":14937,"href":"https:\/\/www.bepopi.com\/blog\/wp-json\/wp\/v2\/posts\/6173\/revisions\/14937"}],"wp:featuredmedia":[{"embeddable":true,"href":"https:\/\/www.bepopi.com\/blog\/wp-json\/wp\/v2\/media\/6174"}],"wp:attachment":[{"href":"https:\/\/www.bepopi.com\/blog\/wp-json\/wp\/v2\/media?parent=6173"}],"wp:term":[{"taxonomy":"category","embeddable":true,"href":"https:\/\/www.bepopi.com\/blog\/wp-json\/wp\/v2\/categories?post=6173"},{"taxonomy":"post_tag","embeddable":true,"href":"https:\/\/www.bepopi.com\/blog\/wp-json\/wp\/v2\/tags?post=6173"}],"curies":[{"name":"wp","href":"https:\/\/api.w.org\/{rel}","templated":true}]}}