{"id":7951,"date":"2019-02-22T23:50:27","date_gmt":"2019-02-22T20:50:27","guid":{"rendered":"https:\/\/bepopi.com\/blog\/?p=7951"},"modified":"2020-10-20T16:23:41","modified_gmt":"2020-10-20T13:23:41","slug":"facebook-sayfa-yoneticiligi-ayarlari-nasil-yapilir-guncel-resimli-anlatim","status":"publish","type":"post","link":"https:\/\/www.bepopi.com\/blog\/facebook-sayfa-yoneticiligi-ayarlari-nasil-yapilir-guncel-resimli-anlatim","title":{"rendered":"Facebook Sayfa Y\u00f6neticili\u011fi Ayarlar\u0131 Nas\u0131l Yap\u0131l\u0131r?"},"content":{"rendered":"<p>Facebook hem ki\u015fisel hesaplar arac\u0131l\u0131\u011f\u0131yla hem de Facebook sayfalar\u0131 olmak \u00fczere farkl\u0131 ama\u00e7larla kullan\u0131lmaktad\u0131r. Bu sayfalarda istedi\u011finiz ki\u015filere farkl\u0131 g\u00f6revler verebilirsiniz. Bu yaz\u0131da <strong>Facebook sayfa y\u00f6neticili\u011fi ayarlar\u0131 <\/strong>nas\u0131l yap\u0131l\u0131r detayl\u0131 olarak bilgi verece\u011fiz. \u0130lk olarak sayfa y\u00f6neticili\u011finin ne oldu\u011fu hakk\u0131nda k\u0131saca bahsedelim.<\/p>\n<div id=\"ez-toc-container\" class=\"ez-toc-v2_0_69_1 counter-hierarchy ez-toc-counter ez-toc-grey ez-toc-container-direction\">\n<p class=\"ez-toc-title\" style=\"cursor:inherit\">\u0130\u00e7indekiler<\/p>\n<label for=\"ez-toc-cssicon-toggle-item-69ef20f74de86\" class=\"ez-toc-cssicon-toggle-label\"><span class=\"\"><span class=\"eztoc-hide\" style=\"display:none;\">Toggle<\/span><span class=\"ez-toc-icon-toggle-span\"><svg style=\"fill: #999;color:#999\" xmlns=\"http:\/\/www.w3.org\/2000\/svg\" class=\"list-377408\" width=\"20px\" height=\"20px\" viewBox=\"0 0 24 24\" fill=\"none\"><path d=\"M6 6H4v2h2V6zm14 0H8v2h12V6zM4 11h2v2H4v-2zm16 0H8v2h12v-2zM4 16h2v2H4v-2zm16 0H8v2h12v-2z\" fill=\"currentColor\"><\/path><\/svg><svg style=\"fill: #999;color:#999\" class=\"arrow-unsorted-368013\" xmlns=\"http:\/\/www.w3.org\/2000\/svg\" width=\"10px\" height=\"10px\" viewBox=\"0 0 24 24\" version=\"1.2\" baseProfile=\"tiny\"><path d=\"M18.2 9.3l-6.2-6.3-6.2 6.3c-.2.2-.3.4-.3.7s.1.5.3.7c.2.2.4.3.7.3h11c.3 0 .5-.1.7-.3.2-.2.3-.5.3-.7s-.1-.5-.3-.7zM5.8 14.7l6.2 6.3 6.2-6.3c.2-.2.3-.5.3-.7s-.1-.5-.3-.7c-.2-.2-.4-.3-.7-.3h-11c-.3 0-.5.1-.7.3-.2.2-.3.5-.3.7s.1.5.3.7z\"\/><\/svg><\/span><\/span><\/label><input type=\"checkbox\"  id=\"ez-toc-cssicon-toggle-item-69ef20f74de86\"  aria-label=\"Toggle\" \/><nav><ul class='ez-toc-list ez-toc-list-level-1 ' ><li class='ez-toc-page-1 ez-toc-heading-level-2'><a class=\"ez-toc-link ez-toc-heading-1\" href=\"https:\/\/www.bepopi.com\/blog\/facebook-sayfa-yoneticiligi-ayarlari-nasil-yapilir-guncel-resimli-anlatim\/#Facebook_sayfa_yoneticiligi_nedir\" title=\"Facebook sayfa y\u00f6neticili\u011fi nedir?\">Facebook sayfa y\u00f6neticili\u011fi nedir?<\/a><\/li><li class='ez-toc-page-1 ez-toc-heading-level-2'><a class=\"ez-toc-link ez-toc-heading-2\" href=\"https:\/\/www.bepopi.com\/blog\/facebook-sayfa-yoneticiligi-ayarlari-nasil-yapilir-guncel-resimli-anlatim\/#Facebook_sayfasinda_baskasina_nasil_gorev_veririm\" title=\"Facebook sayfas\u0131nda ba\u015fkas\u0131na nas\u0131l g\u00f6rev veririm?\">Facebook sayfas\u0131nda ba\u015fkas\u0131na nas\u0131l g\u00f6rev veririm?<\/a><\/li><li class='ez-toc-page-1 ez-toc-heading-level-2'><a class=\"ez-toc-link ez-toc-heading-3\" href=\"https:\/\/www.bepopi.com\/blog\/facebook-sayfa-yoneticiligi-ayarlari-nasil-yapilir-guncel-resimli-anlatim\/#Sayfa_yoneticiligine_getirdigim_kisiyi_gorevinden_alabilir_miyim\" title=\"Sayfa y\u00f6neticili\u011fine getirdi\u011fim ki\u015fiyi g\u00f6revinden alabilir miyim?\">Sayfa y\u00f6neticili\u011fine getirdi\u011fim ki\u015fiyi g\u00f6revinden alabilir miyim?<\/a><\/li><li class='ez-toc-page-1 ez-toc-heading-level-2'><a class=\"ez-toc-link ez-toc-heading-4\" href=\"https:\/\/www.bepopi.com\/blog\/facebook-sayfa-yoneticiligi-ayarlari-nasil-yapilir-guncel-resimli-anlatim\/#Facebook_sayfa_yoneticiligi_ayarlari_icinde_verdigim_gorevi_degistirmem_mumkun_mu\" title=\"Facebook sayfa y\u00f6neticili\u011fi ayarlar\u0131 i\u00e7inde verdi\u011fim g\u00f6revi de\u011fi\u015ftirmem m\u00fcmk\u00fcn m\u00fc?\">Facebook sayfa y\u00f6neticili\u011fi ayarlar\u0131 i\u00e7inde verdi\u011fim g\u00f6revi de\u011fi\u015ftirmem m\u00fcmk\u00fcn m\u00fc?<\/a><\/li><li class='ez-toc-page-1 ez-toc-heading-level-2'><a class=\"ez-toc-link ez-toc-heading-5\" href=\"https:\/\/www.bepopi.com\/blog\/facebook-sayfa-yoneticiligi-ayarlari-nasil-yapilir-guncel-resimli-anlatim\/#Sonuc\" title=\"Sonu\u00e7\">Sonu\u00e7<\/a><\/li><\/ul><\/nav><\/div>\n<h2><span class=\"ez-toc-section\" id=\"Facebook_sayfa_yoneticiligi_nedir\"><\/span>Facebook sayfa y\u00f6neticili\u011fi nedir?<span class=\"ez-toc-section-end\"><\/span><\/h2>\n<p>Facebook sayfa y\u00f6neticili\u011fi, Facebook\u2019ta olu\u015fturulan bir sayfan\u0131n y\u00f6netiminde kimlerin rol ald\u0131\u011f\u0131n\u0131 g\u00f6stermektedir. Y\u00f6netici en ba\u015ftaki ki\u015fidir. Sayfa ayarlar\u0131n\u0131 ve di\u011fer bir \u00e7ok i\u015flemi yapabilecek yetkiye sahiptir. Takip\u00e7i kazand\u0131k\u00e7a daha profesyonel g\u00f6r\u00fcnen ve uzmanla\u015fan bu sayfalar\u0131n her biri farkl\u0131 ama\u00e7lar i\u00e7in a\u00e7\u0131lm\u0131\u015ft\u0131r.<\/p>\n<h2><span class=\"ez-toc-section\" id=\"Facebook_sayfasinda_baskasina_nasil_gorev_veririm\"><\/span>Facebook sayfas\u0131nda ba\u015fkas\u0131na nas\u0131l g\u00f6rev veririm?<span class=\"ez-toc-section-end\"><\/span><\/h2>\n<p>Facebook sayfan\u0131z var ya da bu sayfan\u0131n y\u00f6neticisi olarak g\u00f6rev yapmaktas\u0131n\u0131z. \u0130stedi\u011finiz ki\u015filere g\u00f6rev verebilmeniz m\u00fcmk\u00fcn. Bunun i\u00e7in yap\u0131lmas\u0131 gereken t\u00fcm i\u015flemler ad\u0131m ad\u0131m:<\/p>\n<p><img decoding=\"async\" class=\"aligncenter wp-image-7953 \" title=\"Facebook sayfa y\u00f6neticili\u011fi\" src=\"https:\/\/bepopi.com\/blog\/wp-content\/uploads\/2019\/02\/facebook-sayfa-yoneticiligi-ayarlari-nasil-yapilir.jpg\" alt=\"Facebook sayfa y\u00f6neticili\u011fi\" width=\"486\" height=\"703\" \/><\/p>\n<p>-Facebook sayfan\u0131za gidin. Sayfay\u0131 a\u00e7t\u0131\u011f\u0131n\u0131zda resimde de g\u00f6r\u00fcnen \u2018\u2019di\u011fer\u2019\u2019 se\u00e7ene\u011fine t\u0131klay\u0131n.<\/p>\n<p><img decoding=\"async\" class=\"wp-image-7957 aligncenter\" title=\"Facebook sayfa y\u00f6neticili\u011fi ayarlar\u0131\" src=\"https:\/\/bepopi.com\/blog\/wp-content\/uploads\/2019\/02\/facebook-sayfa-yoneticiligi-ayarlari-nasil-yapilir-5.jpg\" alt=\"Facebook sayfa y\u00f6neticili\u011fi ayarlar\u0131\" width=\"476\" height=\"595\" \/><\/p>\n<p>-\u00c7\u0131kan ekranda sayfan\u0131za ait bir \u00e7ok komut yer almaktad\u0131r. Buradan \u2018\u2019ayarlar\u0131 d\u00fczenle\u2019\u2019se\u00e7ene\u011fine t\u0131klayarak i\u015fleme devam edin.<\/p>\n<p><img decoding=\"async\" class=\"aligncenter wp-image-7954 \" title=\"Facebook sayfa y\u00f6neticili\u011fi ayarlar\u0131 nas\u0131l yap\u0131l\u0131r\" src=\"https:\/\/bepopi.com\/blog\/wp-content\/uploads\/2019\/02\/facebook-sayfa-yoneticiligi-ayarlari-nasil-yapilir-1-751x1024.jpg\" alt=\"Facebook sayfa y\u00f6neticili\u011fi ayarlar\u0131 nas\u0131l yap\u0131l\u0131r\" width=\"459\" height=\"626\" \/><\/p>\n<p>-Kar\u015f\u0131n\u0131za \u00e7\u0131kan b\u00f6l\u00fcmde \u2018\u2019sayfa g\u00f6revleri\u2019\u2019 k\u0131sm\u0131n\u0131 g\u00f6receksiniz. Buraya t\u0131klay\u0131n.<\/p>\n<p><img decoding=\"async\" class=\"aligncenter wp-image-7958 \" title=\"Facebook sayfa y\u00f6neticili\u011fi ayarlar\u0131 yapma\" src=\"https:\/\/bepopi.com\/blog\/wp-content\/uploads\/2019\/02\/facebook-sayfa-yoneticiligi-ayarlari-nasil-yapilir-7-200x300.jpg\" alt=\"Facebook sayfa y\u00f6neticili\u011fi ayarlar\u0131 yapma\" width=\"242\" height=\"363\" \/><\/p>\n<p>-Bu k\u0131s\u0131mda istedi\u011finiz ki\u015fiyi ekleme i\u015flemi yapabilirsiniz. Mevcut ki\u015filer b\u00f6l\u00fcm\u00fcnde bu Facebook sayfas\u0131nda yetkili olan ki\u015filer yer almaktad\u0131r. Bu ki\u015filerin bilgilerine buradan ula\u015fabilirsiniz. Hemen \u00fcstte yer alan \u2018\u2019sayfaya ki\u015fi ekle\u2019\u2019 k\u0131sm\u0131na t\u0131klad\u0131\u011f\u0131n\u0131zda, istedi\u011finiz ki\u015fiyi ekleyebilece\u011finiz alan a\u00e7\u0131lacak. Buradan <strong>Facebook sayfa y\u00f6neticili\u011fi ayarlar\u0131 <\/strong>i\u00e7in gerekli i\u015flemleri yapman\u0131z m\u00fcmk\u00fcn.<\/p>\n<p><img decoding=\"async\" class=\"aligncenter wp-image-7955 \" title=\"Facebook sayfa y\u00f6neticili\u011fi ayarlar\u0131 ad\u0131mlar\u0131\" src=\"https:\/\/bepopi.com\/blog\/wp-content\/uploads\/2019\/02\/facebook-sayfa-yoneticiligi-ayarlari-nasil-yapilir-3-1024x932.jpg\" alt=\"Facebook sayfa y\u00f6neticili\u011fi ayarlar\u0131 ad\u0131mlar\u0131\" width=\"430\" height=\"391\" \/><\/p>\n<p>-Sayfaya ki\u015fi ekle dedi\u011finizde ilk olarak kimi ekledi\u011finizi tespit ederek bir kullan\u0131c\u0131 ad\u0131 girin. Sonras\u0131nda sayfa g\u00f6revi verece\u011finiz alan\u0131 se\u00e7in. \u0130ste\u011finize ba\u011fl\u0131 olarak se\u00e7imler yapman\u0131z m\u00fcmk\u00fcn. Bu ki\u015fiyi y\u00f6netici, edit\u00f6r, moderat\u00f6r, reklamveren ya da analist olarak belirleyebilirsiniz. Verece\u011finiz g\u00f6revi sayfan\u0131n durumuna ve ihtiyac\u0131na g\u00f6re belirlemeniz daha sa\u011fl\u0131kl\u0131 olacakt\u0131r.<\/p>\n<p>\u0130\u015flem tamam! \u0130stedi\u011finiz ki\u015fiye nas\u0131l g\u00f6rev verece\u011finizi \u00f6\u011frendiniz. Peki g\u00f6revi verdiniz. Kald\u0131rman\u0131z m\u00fcmk\u00fcn m\u00fc? Yaz\u0131n\u0131n devam\u0131nda bu konuya de\u011finece\u011fiz.<\/p>\n<h2><span class=\"ez-toc-section\" id=\"Sayfa_yoneticiligine_getirdigim_kisiyi_gorevinden_alabilir_miyim\"><\/span>Sayfa y\u00f6neticili\u011fine getirdi\u011fim ki\u015fiyi g\u00f6revinden alabilir miyim?<span class=\"ez-toc-section-end\"><\/span><\/h2>\n<p>Yukar\u0131daki ad\u0131mlar\u0131 s\u0131ras\u0131yla uygulayarak, bir kullan\u0131c\u0131ya g\u00f6rev verdiniz. Bu ki\u015finin g\u00f6revini kald\u0131rmak istiyorsunuz. Yukar\u0131daki ad\u0131mlar\u0131 s\u0131ras\u0131yla takip edin.<\/p>\n<p>1)Facebook sayfas\u0131na giri\u015f yap\u0131n. Sayfada yer alan di\u011fer k\u0131sm\u0131na dokunun.<\/p>\n<p>2)Bu k\u0131s\u0131mda bir \u00e7ok se\u00e7enek kar\u015f\u0131n\u0131za \u00e7\u0131kacak. Bunlar aras\u0131nda yer alan \u2018\u2019ayarlar\u0131 d\u00fczenle\u2019\u2019 komutu ile i\u015fleme devam edin.<\/p>\n<p>3)Baz\u0131 ayarlar kar\u015f\u0131n\u0131za \u00e7\u0131kacak. Bizi ilgilendiren ise \u2018\u2019sayfa g\u00f6revleri\u2019\u2019 b\u00f6l\u00fcm\u00fc. Burada sayfa ile ilgili alanlar\u0131 daha rahat y\u00f6netebileceksiniz. Sayfa g\u00f6revleri b\u00f6l\u00fcm\u00fcnde yer alan mevcut ki\u015filer bulunmaktad\u0131r.<\/p>\n<p><img decoding=\"async\" class=\"aligncenter wp-image-7956 \" title=\"Facebook sayfa y\u00f6neticili\u011fi ayarlar\u0131 ki\u015fi \u00e7\u0131karma\" src=\"https:\/\/bepopi.com\/blog\/wp-content\/uploads\/2019\/02\/facebook-sayfa-yoneticiligi-ayarlari-nasil-yapilir-4-540x1024.jpg\" alt=\"Facebook sayfa y\u00f6neticili\u011fi ayarlar\u0131 ki\u015fi \u00e7\u0131karma\" width=\"390\" height=\"740\" \/><\/p>\n<p>Burada g\u00f6rev verdi\u011finiz ki\u015fi ya da ki\u015filer de yer almaktad\u0131r. Bu ki\u015finin yan\u0131nda yer alan \u00e7arp\u0131ya benzer i\u015faretine bast\u0131\u011f\u0131n\u0131zda, verdi\u011finiz g\u00f6revi geri alm\u0131\u015f olacaks\u0131n\u0131z. Butona bast\u0131ktan sonra sizden \u015fifre istenebilir. \u0130stenmesi durumunda \u015fifrenizle giri\u015f yaparak i\u015fleme devam edin. Bu ki\u015fi art\u0131k Facebook sayfan\u0131z ad\u0131na bir \u015fey yapamayacak.<\/p>\n<p>K\u0131sa hat\u0131rlatma:<\/p>\n<p>Facebook sayfan\u0131z\u0131n sayfa y\u00f6neticili\u011fi ayarlar\u0131nda istedi\u011finiz gibi, istedi\u011finiz zaman de\u011fi\u015fiklik yapabilirsiniz. Kendinizi de y\u00f6neticilikten alabilirsiniz. Ancak sayfan\u0131n mutlaka bir y\u00f6neticiye ihtiyac\u0131 oldu\u011funu unutmayal\u0131m. Bu nedenle kendinizi \u00e7\u0131karmadan \u00f6nce, ba\u015fka bir y\u00f6netici eklemeniz gerekmektedir. Ekledikten sonra kendinizi de y\u00f6neticilikten \u00e7\u0131karabilirsiniz.<\/p>\n<h2><span class=\"ez-toc-section\" id=\"Facebook_sayfa_yoneticiligi_ayarlari_icinde_verdigim_gorevi_degistirmem_mumkun_mu\"><\/span>Facebook sayfa y\u00f6neticili\u011fi ayarlar\u0131 i\u00e7inde verdi\u011fim g\u00f6revi de\u011fi\u015ftirmem m\u00fcmk\u00fcn m\u00fc?<span class=\"ez-toc-section-end\"><\/span><\/h2>\n<p>Birine Facebook sayfan\u0131zda g\u00f6rev verdiniz. Fakat g\u00f6revin o ki\u015fiye uygun olmad\u0131\u011f\u0131n\u0131 d\u00fc\u015f\u00fcnerek de\u011fi\u015fiklik yapmaya karar verdiniz. Peki yapt\u0131\u011f\u0131n\u0131z ayarlar\u0131 de\u011fi\u015ftirip, ki\u015finin g\u00f6revinde farkl\u0131l\u0131k olu\u015fturman\u0131z m\u00fcmk\u00fcn m\u00fc? Yoksa ki\u015fiyi silip yeniden mi eklemeniz gerekiyor? Bu soruya cevab\u0131m\u0131z, g\u00f6revler \u00fczerinde de\u011fi\u015fiklik yapabilece\u011finiz y\u00f6n\u00fcnde. Yap\u0131lacak i\u015flemler di\u011ferleriyle benzer. Kar\u0131\u015f\u0131kl\u0131k olmamas\u0131 ad\u0131na ayn\u0131 \u015fekilde ad\u0131mlardan bahsedece\u011fiz. (Bahsedece\u011fimiz ad\u0131mlar yukar\u0131da g\u00f6sterdi\u011fimiz resimlerdeki ad\u0131mlarla ayn\u0131d\u0131r.)<\/p>\n<p><strong>Facebook sayfa y\u00f6neticili\u011fi g\u00f6rev de\u011fi\u015ftirme<\/strong> <strong>ad\u0131mlar\u0131:<\/strong><\/p>\n<p>-\u0130lk olarak Facebook sayfan\u0131za giri\u015f yap\u0131n. Ekranda g\u00f6rd\u00fc\u011f\u00fcn\u00fcz di\u011fer se\u00e7ene\u011fine t\u0131klay\u0131n.<\/p>\n<p>-Di\u011fer se\u00e7ene\u011fine t\u0131klad\u0131\u011f\u0131n\u0131zda ekranda bir \u00e7ok se\u00e7enek belirecek. Bunlar aras\u0131nda yer alan ayarlar\u0131 d\u00fczenle se\u00e7ene\u011fine t\u0131klayarak i\u015fleme devam edin.<\/p>\n<p>-Burada sayfa g\u00f6revleri b\u00f6l\u00fcm\u00fc yer almaktad\u0131r. Bu k\u0131s\u0131m sayfa y\u00f6neticili\u011fi ayarlar\u0131 i\u00e7in olduk\u00e7a \u00f6nemli. T\u00fcm ayarlar\u0131n\u0131z\u0131 ekleme ve \u00e7\u0131karmalar\u0131n\u0131z\u0131 buradan kolayca yapabileceksiniz. Sayfa g\u00f6revlerine girdi\u011finizde, kar\u015f\u0131n\u0131za siz ve g\u00f6rev verdi\u011finiz di\u011fer ki\u015filer \u00e7\u0131kacak. Kimin g\u00f6revini de\u011fi\u015ftirmek istiyorsan\u0131z o ki\u015finin yan\u0131na gelin. \u0130smin sa\u011f taraf\u0131nda yer alan simgeye t\u0131klay\u0131n. Bu simgeden belli d\u00fczenlemeleri yapabilirsiniz. (Buraya dokundu\u011funuzda g\u00fcvenlik \u00f6nlemi al\u0131nmas\u0131 nedeniyle sizden \u015fifre girmeniz istenebilir. \u0130stenmesi durumunda \u015fifrenizi girerek i\u015fleme devam edin.)<\/p>\n<p>-Art\u0131k yeni g\u00f6rev se\u00e7imi yapabilirsiniz. Bu k\u0131s\u0131mdan vermek istedi\u011finiz ba\u015fka bir g\u00f6reve dokunarak i\u015flemi kaydedin. Art\u0131k g\u00f6rev de\u011fi\u015fimi tamamland\u0131. Bu i\u015flemi uygulayarak istedi\u011finiz zaman g\u00f6rev de\u011fi\u015fimi yapabilirsiniz.<\/p>\n<p>K\u0131sa hat\u0131rlatma:<\/p>\n<p>Facebook sayfan\u0131z yeni ya da y\u00f6neticili\u011fe yeni getirildiniz. Bu durumda y\u00f6netici ayarlar\u0131nda de\u011fi\u015fiklik yapamayabilirsiniz. Birini \u00e7\u0131karma ya da g\u00f6rev de\u011fi\u015fikli\u011fi yapabilmek i\u00e7in belli bir s\u00fcre beklemeniz gerekebilir. (Bu tam belli de\u011fildir. 7 g\u00fcne kadar bekleme durumunuz olabilir.) \u0130\u015flemleri uygulayamaman\u0131z durumunda bu kadar s\u00fcre bekledikten sonra, i\u015flemleri tekrar deneyin.<\/p>\n<h2><span class=\"ez-toc-section\" id=\"Sonuc\"><\/span>Sonu\u00e7<span class=\"ez-toc-section-end\"><\/span><\/h2>\n<p>Bu yaz\u0131da <strong>Facebook sayfa y\u00f6neticili\u011fi ayarlar\u0131<\/strong> nas\u0131l yap\u0131l\u0131r detayl\u0131 olarak bahsettik. Yaz\u0131y\u0131 sonuna kadar okuduysan\u0131z art\u0131k birini ekleme, \u00e7\u0131karma ya da g\u00f6rev verme gibi i\u015flemlerin nas\u0131l uyguland\u0131\u011f\u0131n\u0131 biliyorsunuz.<\/p>\n<p>Umar\u0131m yaz\u0131m\u0131z faydal\u0131 olmu\u015ftur. Bir sonraki yaz\u0131da g\u00f6r\u00fc\u015fmek \u00fczere.<\/p>\n<p><a href=\"https:\/\/bepopi.com\/blog\/seo-destek\" target=\"_blank\" rel=\"noopener\">SEO Destek<\/a> merkezimiz \u00fczerinden SEO ile ilgili t\u00fcm merak etti\u011finiz konular hakk\u0131nda yaz\u0131lar\u0131m\u0131z\u0131 bulabilir ve uzman g\u00f6r\u00fc\u015flerini edinebilirsiniz.<\/p>\n<p>https:\/\/www.youtube.com\/watch?v=13vqP65JDKE<\/p>\n<div style='text-align:left' class='yasr-auto-insert-visitor'><\/div>","protected":false},"excerpt":{"rendered":"<p>Facebook hem ki\u015fisel hesaplar arac\u0131l\u0131\u011f\u0131yla hem de Facebook sayfalar\u0131 olmak \u00fczere farkl\u0131 ama\u00e7larla kullan\u0131lmaktad\u0131r. Bu sayfalarda istedi\u011finiz ki\u015filere farkl\u0131 g\u00f6revler verebilirsiniz. Bu yaz\u0131da Facebook sayfa y\u00f6neticili\u011fi ayarlar\u0131 nas\u0131l yap\u0131l\u0131r detayl\u0131 olarak bilgi verece\u011fiz. \u0130lk olarak sayfa y\u00f6neticili\u011finin ne oldu\u011fu hakk\u0131nda k\u0131saca bahsedelim. Facebook sayfa y\u00f6neticili\u011fi nedir? Facebook sayfa y\u00f6neticili\u011fi, Facebook\u2019ta olu\u015fturulan bir sayfan\u0131n y\u00f6netiminde kimlerin rol ald\u0131\u011f\u0131n\u0131 g\u00f6stermektedir. Y\u00f6netici en ba\u015ftaki ki\u015fidir. Sayfa ayarlar\u0131n\u0131 ve di\u011fer bir \u00e7ok i\u015flemi yapabilecek yetkiye sahiptir. Takip\u00e7i kazand\u0131k\u00e7a daha profesyonel g\u00f6r\u00fcnen ve uzmanla\u015fan bu sayfalar\u0131n her biri farkl\u0131 ama\u00e7lar i\u00e7in a\u00e7\u0131lm\u0131\u015ft\u0131r. Facebook sayfas\u0131nda ba\u015fkas\u0131na nas\u0131l g\u00f6rev veririm? Facebook sayfan\u0131z var ya da bu sayfan\u0131n y\u00f6neticisi olarak g\u00f6rev yapmaktas\u0131n\u0131z. \u0130stedi\u011finiz ki\u015filere g\u00f6rev verebilmeniz m\u00fcmk\u00fcn. Bunun [&hellip;]<\/p>\n","protected":false},"author":1,"featured_media":11601,"comment_status":"open","ping_status":"open","sticky":false,"template":"","format":"standard","meta":{"rank_math_lock_modified_date":false,"yasr_overall_rating":0,"yasr_post_is_review":"","yasr_auto_insert_disabled":"","yasr_review_type":"","footnotes":""},"categories":[2905],"tags":[],"class_list":["post-7951","post","type-post","status-publish","format-standard","has-post-thumbnail","hentry","category-facebook-destek","entry"],"yasr_visitor_votes":{"stars_attributes":{"read_only":false,"span_bottom":false},"number_of_votes":2,"sum_votes":10},"_links":{"self":[{"href":"https:\/\/www.bepopi.com\/blog\/wp-json\/wp\/v2\/posts\/7951","targetHints":{"allow":["GET"]}}],"collection":[{"href":"https:\/\/www.bepopi.com\/blog\/wp-json\/wp\/v2\/posts"}],"about":[{"href":"https:\/\/www.bepopi.com\/blog\/wp-json\/wp\/v2\/types\/post"}],"author":[{"embeddable":true,"href":"https:\/\/www.bepopi.com\/blog\/wp-json\/wp\/v2\/users\/1"}],"replies":[{"embeddable":true,"href":"https:\/\/www.bepopi.com\/blog\/wp-json\/wp\/v2\/comments?post=7951"}],"version-history":[{"count":3,"href":"https:\/\/www.bepopi.com\/blog\/wp-json\/wp\/v2\/posts\/7951\/revisions"}],"predecessor-version":[{"id":14887,"href":"https:\/\/www.bepopi.com\/blog\/wp-json\/wp\/v2\/posts\/7951\/revisions\/14887"}],"wp:featuredmedia":[{"embeddable":true,"href":"https:\/\/www.bepopi.com\/blog\/wp-json\/wp\/v2\/media\/11601"}],"wp:attachment":[{"href":"https:\/\/www.bepopi.com\/blog\/wp-json\/wp\/v2\/media?parent=7951"}],"wp:term":[{"taxonomy":"category","embeddable":true,"href":"https:\/\/www.bepopi.com\/blog\/wp-json\/wp\/v2\/categories?post=7951"},{"taxonomy":"post_tag","embeddable":true,"href":"https:\/\/www.bepopi.com\/blog\/wp-json\/wp\/v2\/tags?post=7951"}],"curies":[{"name":"wp","href":"https:\/\/api.w.org\/{rel}","templated":true}]}}