{"id":8576,"date":"2019-07-04T18:33:52","date_gmt":"2019-07-04T15:33:52","guid":{"rendered":"https:\/\/bepopi.com\/blog\/?p=8576"},"modified":"2023-05-04T15:51:42","modified_gmt":"2023-05-04T12:51:42","slug":"facebook-sayfa-adi-nasil-degistirilir","status":"publish","type":"post","link":"https:\/\/www.bepopi.com\/blog\/facebook-sayfa-adi-nasil-degistirilir","title":{"rendered":"Facebook Sayfa Ad\u0131 Nas\u0131l De\u011fi\u015ftirilir?"},"content":{"rendered":"\n<p>2018 y\u0131l\u0131ndan sonra facebook sayfa ismi de\u011fi\u015ftirme biraz zorla\u015ft\u0131. \u00c7\u00fcnk\u00fc art\u0131k facebook sisteminde sayfa ad\u0131n\u0131 de\u011fi\u015ftirmek i\u00e7in facebook manuel onaylama yapman\u0131z gerekir. Yani sizin g\u00f6nderdi\u011finiz isim i\u00e7in facebook \u00e7al\u0131\u015fanlar\u0131 uygunluk kontrol\u00fc yapmaya ba\u015flad\u0131. \u0130nternet \u00fczerinde hileli isim de\u011fi\u015ftirme ad\u0131 alt\u0131nda yaz\u0131lara itibar etmeyin. Bu y\u00f6ntemleri kullan\u0131rsan\u0131z facebook hesab\u0131n\u0131z\u0131 t\u00fcmden kaybedebilirsiniz. Facebook sayfa ad\u0131 de\u011fi\u015ftirme i\u015flemlerini ekip olarak sizler i\u00e7in \u00f6zel olarak ara\u015ft\u0131rd\u0131k. Facebook sayfa ad\u0131 de\u011fi\u015ftirme i\u015flemlerini a\u015famal\u0131 olarak sizler i\u00e7in anlataca\u011f\u0131z:<\/p>\n\n\n\n<div id=\"ez-toc-container\" class=\"ez-toc-v2_0_69_1 counter-hierarchy ez-toc-counter ez-toc-grey ez-toc-container-direction\">\n<p class=\"ez-toc-title\" style=\"cursor:inherit\">\u0130\u00e7indekiler<\/p>\n<label for=\"ez-toc-cssicon-toggle-item-69f245ee2b66b\" class=\"ez-toc-cssicon-toggle-label\"><span class=\"\"><span class=\"eztoc-hide\" style=\"display:none;\">Toggle<\/span><span class=\"ez-toc-icon-toggle-span\"><svg style=\"fill: #999;color:#999\" xmlns=\"http:\/\/www.w3.org\/2000\/svg\" class=\"list-377408\" width=\"20px\" height=\"20px\" viewBox=\"0 0 24 24\" fill=\"none\"><path d=\"M6 6H4v2h2V6zm14 0H8v2h12V6zM4 11h2v2H4v-2zm16 0H8v2h12v-2zM4 16h2v2H4v-2zm16 0H8v2h12v-2z\" fill=\"currentColor\"><\/path><\/svg><svg style=\"fill: #999;color:#999\" class=\"arrow-unsorted-368013\" xmlns=\"http:\/\/www.w3.org\/2000\/svg\" width=\"10px\" height=\"10px\" viewBox=\"0 0 24 24\" version=\"1.2\" baseProfile=\"tiny\"><path d=\"M18.2 9.3l-6.2-6.3-6.2 6.3c-.2.2-.3.4-.3.7s.1.5.3.7c.2.2.4.3.7.3h11c.3 0 .5-.1.7-.3.2-.2.3-.5.3-.7s-.1-.5-.3-.7zM5.8 14.7l6.2 6.3 6.2-6.3c.2-.2.3-.5.3-.7s-.1-.5-.3-.7c-.2-.2-.4-.3-.7-.3h-11c-.3 0-.5.1-.7.3-.2.2-.3.5-.3.7s.1.5.3.7z\"\/><\/svg><\/span><\/span><\/label><input type=\"checkbox\"  id=\"ez-toc-cssicon-toggle-item-69f245ee2b66b\"  aria-label=\"Toggle\" \/><nav><ul class='ez-toc-list ez-toc-list-level-1 ' ><li class='ez-toc-page-1 ez-toc-heading-level-2'><a class=\"ez-toc-link ez-toc-heading-1\" href=\"https:\/\/www.bepopi.com\/blog\/facebook-sayfa-adi-nasil-degistirilir\/#Facebook_Sayfa_Adi_Degistirme_Sureci_Adim_Adim\" title=\"Facebook Sayfa Ad\u0131 De\u011fi\u015ftirme S\u00fcreci (Ad\u0131m Ad\u0131m)\">Facebook Sayfa Ad\u0131 De\u011fi\u015ftirme S\u00fcreci (Ad\u0131m Ad\u0131m)<\/a><\/li><li class='ez-toc-page-1 ez-toc-heading-level-2'><a class=\"ez-toc-link ez-toc-heading-2\" href=\"https:\/\/www.bepopi.com\/blog\/facebook-sayfa-adi-nasil-degistirilir\/#Facebook_Sayfa_Ismi_Degistirme_Onay_Sureci\" title=\"Facebook Sayfa \u0130smi De\u011fi\u015ftirme Onay S\u00fcreci\">Facebook Sayfa \u0130smi De\u011fi\u015ftirme Onay S\u00fcreci<\/a><\/li><\/ul><\/nav><\/div>\n<h2 class=\"wp-block-heading\"><span class=\"ez-toc-section\" id=\"Facebook_Sayfa_Adi_Degistirme_Sureci_Adim_Adim\"><\/span>Facebook Sayfa Ad\u0131 De\u011fi\u015ftirme S\u00fcreci (Ad\u0131m Ad\u0131m)<span class=\"ez-toc-section-end\"><\/span><\/h2>\n\n\n\n<ol class=\"wp-block-list\">\n<li><strong>ADIM:<\/strong> Facebook sayfa ad\u0131n\u0131z\u0131 de\u011fi\u015ftirmek i\u00e7in ilk etapta sayfan\u0131z\u0131n ana sayfas\u0131na giri\u015f yap\u0131n. Burada sol men\u00fcde yer alan sayfa isminin ve kullan\u0131c\u0131 ad\u0131n\u0131n alt\u0131nda yer alan hakk\u0131nda b\u00f6l\u00fcm\u00fcne t\u0131klay\u0131n. <\/li>\n\n\n\n<li><strong>ADIM:<\/strong> Hakk\u0131m\u0131zda k\u0131sm\u0131 kar\u015f\u0131n\u0131za gelince burada sa\u011f alt tarafta ad\u0131 k\u0131sm\u0131n\u0131n yan\u0131nda d\u00fczenle b\u00f6l\u00fcm\u00fcn\u00fc t\u0131klay\u0131n. <\/li>\n\n\n\n<li><strong>ADIM:<\/strong> Yeni sayfan\u0131z\u0131n ad\u0131n\u0131n ne olaca\u011f\u0131n\u0131 kutu i\u00e7ine yaz\u0131p devam tu\u015funa bas\u0131n. Burada baz\u0131 isimleri kabul etmeyebilir. Kabul etti\u011fi isim guruplar\u0131n\u0131 onaya g\u00f6ndermeye \u00f6zen g\u00f6sterin. Sayfa ad\u0131n\u0131z sayfan\u0131z\u0131n i\u00e7eri\u011fi ile uygun olmal\u0131d\u0131r. Facebook sayfalar\u0131n temsil etti\u011fi i\u015fletmeleri markalar\u0131 ve kurulu\u015flar\u0131n\u0131 incelemektedir. Sayfa ad\u0131 ile i\u015fletmeniz uyumlu olmas\u0131na \u00f6zen g\u00f6sterin. \u0130nsanlar\u0131 yanl\u0131\u015f y\u00f6nlendirecek sayfa isimlerinden uzak durun. K\u00f6t\u00fc ama\u00e7l\u0131 olabilecek birisinin haklar\u0131n\u0131 ihlal edecek terimler kullanmamaya \u00f6zen g\u00f6sterin. <\/li>\n\n\n\n<li><strong>ADIM: <\/strong>Son a\u015famada size \u00f6zet durum sunulur. Sayfan\u0131z\u0131n \u00f6nceden ismi \u015fuydu bundan sonra sayfan\u0131z\u0131n ad\u0131 bu olacak bu de\u011fi\u015fimi onayl\u0131yor musunuz gibisinden onay butonu kar\u015f\u0131n\u0131za \u00e7\u0131kacakt\u0131r. De\u011fi\u015fikli\u011fi kabul etmek i\u00e7in onay verin. Bundan sonra art\u0131k beklemeye ge\u00e7eceksiniz. Facebook yetkilileri sayfa de\u011fi\u015fiklik taleplerini 3 g\u00fcn i\u00e7inde onaylamaktad\u0131r. Bu s\u00fcre i\u00e7erisinde sizden ek bir bilgi talep edildi\u011fi zaman vakit kaybetmeden g\u00f6ndermelisiniz. \u0130sim de\u011fi\u015fikli\u011finiz kabul edilirse sayfan\u0131z\u0131 7 g\u00fcn boyunca silemez, yay\u0131ndan kald\u0131ramaz ve tekrar isim de\u011fi\u015ftiremezsiniz. \u0130sim de\u011fi\u015fikli\u011finden sonra sayfan\u0131z\u0131 be\u011fenen ve sizi takip eden ki\u015filere facebook taraf\u0131ndan isim de\u011fi\u015fiklik bilgisi g\u00f6nderilecektir.  (<a href=\"https:\/\/www.facebook.com\/help\/1644118259243888\/?helpref=hc_fnav\" target=\"_blank\" rel=\"noopener\">Facebook Destek<\/a>)<\/li>\n<\/ol>\n\n\n\n<figure class=\"wp-block-image\"><img decoding=\"async\" width=\"748\" height=\"534\" src=\"https:\/\/bepopi.com\/blog\/wp-content\/uploads\/2019\/07\/facebook-sayfa-ismi-degistirme2.png\" alt=\"facebook sayfa ismi de\u011fi\u015ftirme\" title=\"facebook sayfa ismi de\u011fi\u015ftirme\" class=\"wp-image-8579\"\/><\/figure>\n\n\n\n<h2 class=\"wp-block-heading\"><span class=\"ez-toc-section\" id=\"Facebook_Sayfa_Ismi_Degistirme_Onay_Sureci\"><\/span>Facebook Sayfa \u0130smi De\u011fi\u015ftirme Onay S\u00fcreci<span class=\"ez-toc-section-end\"><\/span><\/h2>\n\n\n\n<p>Sayfa isim de\u011fi\u015fikli\u011fi % 100 onaylanacak diye bir \u015fey yoktur. Baz\u0131 hak ihlalleri durumunda facebook y\u00f6neticileri sayfa isim de\u011fi\u015fikli\u011fine onay vermeyebilir. Sayfa de\u011fi\u015fikli\u011fi talebini onaylamad\u0131k \u015feklinde mesaj ald\u0131\u011f\u0131n\u0131z zaman itiraz etme hakk\u0131n\u0131z var. Bu durumda sayfa isminizi yeniden g\u00f6zden ge\u00e7irerek tekrar sayfa de\u011fi\u015fim talebinde bulunabilirsiniz. Sayfa isim de\u011fi\u015fiklik ba\u015fvuru s\u0131ras\u0131nda facebook sizden resmi belge ve kimlik ekran g\u00f6r\u00fcnt\u00fcs\u00fc isteyebilir. Bu durumda resmi belge ve kimlik ekran g\u00f6r\u00fcnt\u00fcs\u00fc g\u00f6ndermemeniz halinde isim de\u011fi\u015fikli\u011fi ba\u015fvurusu yapamazs\u0131n\u0131z. Facebook sayfa ad\u0131 de\u011fi\u015ftirme i\u015flemini size k\u0131saca anlatt\u0131k. \u0130sim de\u011fi\u015fiklikleri aksi bir durum olmad\u0131k\u00e7a b\u00fcy\u00fck oranda onaylanmaktad\u0131r. \u0130sim de\u011fi\u015fikli\u011fi yaparken kullanaca\u011f\u0131n\u0131z isme dikkat etmelisiniz. \u0130\u00e7inde facebook ismi ve t\u00fcrevi ge\u00e7en kelimeler onay s\u00fcrecinde genelde olumsuz olarak sonu\u00e7lanmaktad\u0131r. Bu y\u00fczden sayfa isminizin i\u015fletmenizi yans\u0131tmas\u0131na dikkat etmelisiniz. Size bug\u00fcn facebook sayfa ismi de\u011fi\u015ftirme konusunu detayl\u0131ca anlatt\u0131k, di\u011fer bloglarda g\u00f6r\u00fc\u015fmek \u00fczere<\/p>\n\n\n\n<figure class=\"wp-block-embed aligncenter is-type-video is-provider-youtube wp-block-embed-youtube wp-embed-aspect-16-9 wp-has-aspect-ratio\"><div class=\"wp-block-embed__wrapper\">\n<iframe title=\"Facebook Sayfa Ad\u0131n\u0131 Kolayca De\u011fi\u015ftirme (2022) | [Yeni Bas\u0131n]\" width=\"640\" height=\"360\" src=\"https:\/\/www.youtube.com\/embed\/4ambUujME3M?feature=oembed\"  allow=\"accelerometer; autoplay; clipboard-write; encrypted-media; gyroscope; picture-in-picture; web-share\" referrerpolicy=\"strict-origin-when-cross-origin\" allowfullscreen><\/iframe>\n<\/div><\/figure>\n\n\n\n<p>Facebook sayfan\u0131zda ki postlar\u0131n\u0131z <a href=\"https:\/\/bepopi.com\/facebook\/begeni-satin-al\/turk-gercek\" target=\"_blank\" rel=\"noopener\">Facebook T\u00fcrk Ger\u00e7ek Be\u011feni<\/a> \u00fcr\u00fcn\u00fcm\u00fcz ile pop\u00fcler olsun.<\/p>\n<div style='text-align:left' class='yasr-auto-insert-visitor'><\/div>","protected":false},"excerpt":{"rendered":"<p>2018 y\u0131l\u0131ndan sonra facebook sayfa ismi de\u011fi\u015ftirme biraz zorla\u015ft\u0131. \u00c7\u00fcnk\u00fc art\u0131k facebook sisteminde sayfa ad\u0131n\u0131 de\u011fi\u015ftirmek i\u00e7in facebook manuel onaylama yapman\u0131z gerekir. Yani sizin g\u00f6nderdi\u011finiz isim i\u00e7in facebook \u00e7al\u0131\u015fanlar\u0131 uygunluk kontrol\u00fc yapmaya ba\u015flad\u0131. \u0130nternet \u00fczerinde hileli isim de\u011fi\u015ftirme ad\u0131 alt\u0131nda yaz\u0131lara itibar etmeyin. Bu y\u00f6ntemleri kullan\u0131rsan\u0131z facebook hesab\u0131n\u0131z\u0131 t\u00fcmden kaybedebilirsiniz. Facebook sayfa ad\u0131 de\u011fi\u015ftirme i\u015flemlerini ekip olarak sizler i\u00e7in \u00f6zel olarak ara\u015ft\u0131rd\u0131k. Facebook sayfa ad\u0131 de\u011fi\u015ftirme i\u015flemlerini a\u015famal\u0131 olarak sizler i\u00e7in anlataca\u011f\u0131z: Facebook Sayfa Ad\u0131 De\u011fi\u015ftirme S\u00fcreci (Ad\u0131m Ad\u0131m) Facebook Sayfa \u0130smi De\u011fi\u015ftirme Onay S\u00fcreci Sayfa isim de\u011fi\u015fikli\u011fi % 100 onaylanacak diye bir \u015fey yoktur. Baz\u0131 hak ihlalleri durumunda facebook y\u00f6neticileri sayfa isim de\u011fi\u015fikli\u011fine onay vermeyebilir. Sayfa de\u011fi\u015fikli\u011fi talebini onaylamad\u0131k [&hellip;]<\/p>\n","protected":false},"author":1,"featured_media":8578,"comment_status":"open","ping_status":"open","sticky":false,"template":"","format":"standard","meta":{"rank_math_lock_modified_date":false,"yasr_overall_rating":0,"yasr_post_is_review":"","yasr_auto_insert_disabled":"","yasr_review_type":"","footnotes":""},"categories":[2905],"tags":[],"class_list":["post-8576","post","type-post","status-publish","format-standard","has-post-thumbnail","hentry","category-facebook-destek","entry"],"yasr_visitor_votes":{"stars_attributes":{"read_only":false,"span_bottom":false},"number_of_votes":2,"sum_votes":10},"_links":{"self":[{"href":"https:\/\/www.bepopi.com\/blog\/wp-json\/wp\/v2\/posts\/8576","targetHints":{"allow":["GET"]}}],"collection":[{"href":"https:\/\/www.bepopi.com\/blog\/wp-json\/wp\/v2\/posts"}],"about":[{"href":"https:\/\/www.bepopi.com\/blog\/wp-json\/wp\/v2\/types\/post"}],"author":[{"embeddable":true,"href":"https:\/\/www.bepopi.com\/blog\/wp-json\/wp\/v2\/users\/1"}],"replies":[{"embeddable":true,"href":"https:\/\/www.bepopi.com\/blog\/wp-json\/wp\/v2\/comments?post=8576"}],"version-history":[{"count":1,"href":"https:\/\/www.bepopi.com\/blog\/wp-json\/wp\/v2\/posts\/8576\/revisions"}],"predecessor-version":[{"id":15215,"href":"https:\/\/www.bepopi.com\/blog\/wp-json\/wp\/v2\/posts\/8576\/revisions\/15215"}],"wp:featuredmedia":[{"embeddable":true,"href":"https:\/\/www.bepopi.com\/blog\/wp-json\/wp\/v2\/media\/8578"}],"wp:attachment":[{"href":"https:\/\/www.bepopi.com\/blog\/wp-json\/wp\/v2\/media?parent=8576"}],"wp:term":[{"taxonomy":"category","embeddable":true,"href":"https:\/\/www.bepopi.com\/blog\/wp-json\/wp\/v2\/categories?post=8576"},{"taxonomy":"post_tag","embeddable":true,"href":"https:\/\/www.bepopi.com\/blog\/wp-json\/wp\/v2\/tags?post=8576"}],"curies":[{"name":"wp","href":"https:\/\/api.w.org\/{rel}","templated":true}]}}