{"id":8760,"date":"2019-07-10T15:36:22","date_gmt":"2019-07-10T12:36:22","guid":{"rendered":"https:\/\/bepopi.com\/blog\/?p=8760"},"modified":"2020-07-17T14:02:55","modified_gmt":"2020-07-17T11:02:55","slug":"instagram-hikayemi-facebookta-nasil-paylasirim","status":"publish","type":"post","link":"https:\/\/www.bepopi.com\/blog\/instagram-hikayemi-facebookta-nasil-paylasirim","title":{"rendered":"Instagram Hikayemi Facebook&#8217;ta Nas\u0131l Payla\u015f\u0131r\u0131m?"},"content":{"rendered":"<p>Instagram Hikayemi Facebook mecras\u0131nda payla\u015fabilir miyim? Instagram Hik\u00e2yeler b\u00f6l\u00fcm\u00fc \u015fu s\u0131ralar sosyal medyada en \u00e7ok konu\u015fulan k\u0131s\u0131mlar\u0131ndan birisidir. Web s\u00fcr\u00fcm g\u00fcncellemesinden sonra Instagram Hik\u00e2yeler b\u00f6l\u00fcm\u00fc i\u00e7in en \u00e7ok konu\u015fulan b\u00f6l\u00fcm ise Facebook \u00e7apraz g\u00f6nderi sistemidir. Facebook hik\u00e2yeler b\u00f6l\u00fcm\u00fcn\u00fcn aktiflik oran\u0131 artmas\u0131 i\u00e7in iki uygulama aras\u0131na hik\u00e2yeler \u00e7aprazlamas\u0131n\u0131n yap\u0131ld\u0131\u011f\u0131 s\u00f6yleniyor. Instagram \u00fczerinden yap\u0131lan payla\u015f\u0131mlar Facebookta, Facebook \u00fczerinden yap\u0131lan payla\u015f\u0131mlar ise Instagram\u2019da payla\u015f\u0131labilecek. Hen\u00fcz bu sistem gelmedi\u011fi i\u00e7in kullan\u0131c\u0131lar Instagram hik\u00e2yeler payla\u015f\u0131mlar\u0131n\u0131, Facebook \u00fczerinde payla\u015fmak i\u00e7in bir tak\u0131m ayarlamalar yapmak zorunda. (<a href=\"https:\/\/help.instagram.com\/813938898787367?helpref=search&amp;sr=3&amp;query=hikaye\" target=\"_blank\" rel=\"noopener\">Instagram Destek<\/a>)<\/p>\n<div id=\"ez-toc-container\" class=\"ez-toc-v2_0_69_1 counter-hierarchy ez-toc-counter ez-toc-grey ez-toc-container-direction\">\n<p class=\"ez-toc-title\" style=\"cursor:inherit\">\u0130\u00e7indekiler<\/p>\n<label for=\"ez-toc-cssicon-toggle-item-69f41e1846994\" class=\"ez-toc-cssicon-toggle-label\"><span class=\"\"><span class=\"eztoc-hide\" style=\"display:none;\">Toggle<\/span><span class=\"ez-toc-icon-toggle-span\"><svg style=\"fill: #999;color:#999\" xmlns=\"http:\/\/www.w3.org\/2000\/svg\" class=\"list-377408\" width=\"20px\" height=\"20px\" viewBox=\"0 0 24 24\" fill=\"none\"><path d=\"M6 6H4v2h2V6zm14 0H8v2h12V6zM4 11h2v2H4v-2zm16 0H8v2h12v-2zM4 16h2v2H4v-2zm16 0H8v2h12v-2z\" fill=\"currentColor\"><\/path><\/svg><svg style=\"fill: #999;color:#999\" class=\"arrow-unsorted-368013\" xmlns=\"http:\/\/www.w3.org\/2000\/svg\" width=\"10px\" height=\"10px\" viewBox=\"0 0 24 24\" version=\"1.2\" baseProfile=\"tiny\"><path d=\"M18.2 9.3l-6.2-6.3-6.2 6.3c-.2.2-.3.4-.3.7s.1.5.3.7c.2.2.4.3.7.3h11c.3 0 .5-.1.7-.3.2-.2.3-.5.3-.7s-.1-.5-.3-.7zM5.8 14.7l6.2 6.3 6.2-6.3c.2-.2.3-.5.3-.7s-.1-.5-.3-.7c-.2-.2-.4-.3-.7-.3h-11c-.3 0-.5.1-.7.3-.2.2-.3.5-.3.7s.1.5.3.7z\"\/><\/svg><\/span><\/span><\/label><input type=\"checkbox\"  id=\"ez-toc-cssicon-toggle-item-69f41e1846994\"  aria-label=\"Toggle\" \/><nav><ul class='ez-toc-list ez-toc-list-level-1 ' ><li class='ez-toc-page-1 ez-toc-heading-level-2'><a class=\"ez-toc-link ez-toc-heading-1\" href=\"https:\/\/www.bepopi.com\/blog\/instagram-hikayemi-facebookta-nasil-paylasirim\/#Instagram_Hikayemi_Facebook_Uzerinde_Paylasma\" title=\"Instagram Hikayemi Facebook \u00dczerinde Payla\u015fma\">Instagram Hikayemi Facebook \u00dczerinde Payla\u015fma<\/a><\/li><\/ul><\/nav><\/div>\n<h2><span class=\"ez-toc-section\" id=\"Instagram_Hikayemi_Facebook_Uzerinde_Paylasma\"><\/span>Instagram Hikayemi Facebook \u00dczerinde Payla\u015fma<span class=\"ez-toc-section-end\"><\/span><\/h2>\n<p>Bu i\u015fi d\u00fczg\u00fcn bi\u00e7imde yapabilmeniz i\u00e7in bilmeniz gereken ilk \u015fey iki uygulama aras\u0131nda ba\u011flant\u0131 kurulmas\u0131 gerekir. Facebook ile instagram hesab\u0131n\u0131z\u0131 birbirine ba\u011flaman\u0131z gerekir. Ba\u011flama i\u015fleminden sonra di\u011fer a\u015famalara ge\u00e7ebilirsiniz. \u0130lk a\u015famada Instagram \u00fczerinde hik\u00e2ye olu\u015fturman\u0131z gerekir. Hik\u00e2ye olu\u015fturma i\u015fleminden sonra ileri butonunu kullanarak di\u011fer a\u015famaya ge\u00e7ebilirsiniz. Buradan facebook hik\u00e2yen b\u00f6l\u00fcm\u00fcne t\u0131klay\u0131n. Ard\u0131ndan payla\u015f diyerek i\u015flemi sonland\u0131rabilirsiniz. Instagram Hikayemi Facebook \u00fczerinden payla\u015fm\u0131\u015f olurum.<\/p>\n<p>Instagram\u2019da otomatik olarak payla\u015f\u0131mlar\u0131n\u0131z\u0131n facebook \u00fczerinden hikayeler b\u00f6l\u00fcm\u00fcnde payla\u015f\u0131lmas\u0131n\u0131 istiyorsan\u0131z bir tak\u0131m ayarlamalar yapmal\u0131s\u0131n\u0131z. T\u00fcm hikayeler payla\u015f\u0131mlar\u0131n\u0131 facebook \u00fczerinde payla\u015f\u0131lmas\u0131 i\u00e7in ilk olarak profil d\u00fczenlemesi yapman\u0131z gerekir. \u0130lk olarak profile girip buradan ayarlar k\u0131sm\u0131na t\u0131klaman\u0131z gerekir. Ayarlar \u0130OS i\u015fletim sisteminde yana s\u0131ralanan 3 nokta \u015fekline t\u0131klay\u0131n. Buradan hikaye ayarlar\u0131 k\u0131sm\u0131na t\u0131klay\u0131n. Sonras\u0131nda hik\u00e2yeni Facebook\u2019ta payla\u015f sekmenini aktif edin. T\u00fcm bu ayarlardan sonra Instagram \u00fczerinde payla\u015ft\u0131\u011f\u0131n\u0131z hik\u00e2yeler an\u0131nda facebook hesab\u0131n\u0131zda da payla\u015f\u0131lacakt\u0131r. B\u00f6ylece k\u0131sa s\u00fcrede \u00e7ok fazla takip\u00e7iye ula\u015fabilirsiniz.<\/p>\n<p><iframe title=\"Instagram&#039;da bir ba\u015fkas\u0131n\u0131n hikayesi nas\u0131l indirilir?\" width=\"640\" height=\"360\" src=\"https:\/\/www.youtube.com\/embed\/Mha6BN7JWZs?feature=oembed\"  allow=\"accelerometer; autoplay; clipboard-write; encrypted-media; gyroscope; picture-in-picture; web-share\" referrerpolicy=\"strict-origin-when-cross-origin\" allowfullscreen><\/iframe><\/p>\n<p>Twitter \u00fcr\u00fcnlerimizi sitemizden inceleyebilir ve twitter hesab\u0131n\u0131z\u0131 y\u00fckseltebilirsiniz; <a href=\"https:\/\/bepopi.com\/twitter\/takipci-satin-al\/turk-gercek\" target=\"_blank\" rel=\"noopener\">https:\/\/bepopi.com\/twitter\/takipci-satin-al\/turk-gercek<\/a><\/p>\n<div style='text-align:left' class='yasr-auto-insert-visitor'><\/div>","protected":false},"excerpt":{"rendered":"<p>Instagram Hikayemi Facebook mecras\u0131nda payla\u015fabilir miyim? Instagram Hik\u00e2yeler b\u00f6l\u00fcm\u00fc \u015fu s\u0131ralar sosyal medyada en \u00e7ok konu\u015fulan k\u0131s\u0131mlar\u0131ndan birisidir. Web s\u00fcr\u00fcm g\u00fcncellemesinden sonra Instagram Hik\u00e2yeler b\u00f6l\u00fcm\u00fc i\u00e7in en \u00e7ok konu\u015fulan b\u00f6l\u00fcm ise Facebook \u00e7apraz g\u00f6nderi sistemidir. Facebook hik\u00e2yeler b\u00f6l\u00fcm\u00fcn\u00fcn aktiflik oran\u0131 artmas\u0131 i\u00e7in iki uygulama aras\u0131na hik\u00e2yeler \u00e7aprazlamas\u0131n\u0131n yap\u0131ld\u0131\u011f\u0131 s\u00f6yleniyor. Instagram \u00fczerinden yap\u0131lan payla\u015f\u0131mlar Facebookta, Facebook \u00fczerinden yap\u0131lan payla\u015f\u0131mlar ise Instagram\u2019da payla\u015f\u0131labilecek. Hen\u00fcz bu sistem gelmedi\u011fi i\u00e7in kullan\u0131c\u0131lar Instagram hik\u00e2yeler payla\u015f\u0131mlar\u0131n\u0131, Facebook \u00fczerinde payla\u015fmak i\u00e7in bir tak\u0131m ayarlamalar yapmak zorunda. (Instagram Destek) Instagram Hikayemi Facebook \u00dczerinde Payla\u015fma Bu i\u015fi d\u00fczg\u00fcn bi\u00e7imde yapabilmeniz i\u00e7in bilmeniz gereken ilk \u015fey iki uygulama aras\u0131nda ba\u011flant\u0131 kurulmas\u0131 gerekir. Facebook ile instagram hesab\u0131n\u0131z\u0131 birbirine ba\u011flaman\u0131z gerekir. Ba\u011flama [&hellip;]<\/p>\n","protected":false},"author":1,"featured_media":8761,"comment_status":"open","ping_status":"open","sticky":false,"template":"","format":"standard","meta":{"rank_math_lock_modified_date":false,"yasr_overall_rating":0,"yasr_post_is_review":"","yasr_auto_insert_disabled":"","yasr_review_type":"","footnotes":""},"categories":[2906],"tags":[],"class_list":["post-8760","post","type-post","status-publish","format-standard","has-post-thumbnail","hentry","category-instagram-destek","entry"],"yasr_visitor_votes":{"stars_attributes":{"read_only":false,"span_bottom":false},"number_of_votes":2,"sum_votes":10},"_links":{"self":[{"href":"https:\/\/www.bepopi.com\/blog\/wp-json\/wp\/v2\/posts\/8760","targetHints":{"allow":["GET"]}}],"collection":[{"href":"https:\/\/www.bepopi.com\/blog\/wp-json\/wp\/v2\/posts"}],"about":[{"href":"https:\/\/www.bepopi.com\/blog\/wp-json\/wp\/v2\/types\/post"}],"author":[{"embeddable":true,"href":"https:\/\/www.bepopi.com\/blog\/wp-json\/wp\/v2\/users\/1"}],"replies":[{"embeddable":true,"href":"https:\/\/www.bepopi.com\/blog\/wp-json\/wp\/v2\/comments?post=8760"}],"version-history":[{"count":0,"href":"https:\/\/www.bepopi.com\/blog\/wp-json\/wp\/v2\/posts\/8760\/revisions"}],"wp:featuredmedia":[{"embeddable":true,"href":"https:\/\/www.bepopi.com\/blog\/wp-json\/wp\/v2\/media\/8761"}],"wp:attachment":[{"href":"https:\/\/www.bepopi.com\/blog\/wp-json\/wp\/v2\/media?parent=8760"}],"wp:term":[{"taxonomy":"category","embeddable":true,"href":"https:\/\/www.bepopi.com\/blog\/wp-json\/wp\/v2\/categories?post=8760"},{"taxonomy":"post_tag","embeddable":true,"href":"https:\/\/www.bepopi.com\/blog\/wp-json\/wp\/v2\/tags?post=8760"}],"curies":[{"name":"wp","href":"https:\/\/api.w.org\/{rel}","templated":true}]}}